{"id":607058,"date":"2024-01-18T00:02:05","date_gmt":"2024-01-18T06:02:05","guid":{"rendered":"https:\/\/www.diarioimagen.net\/?p=607058"},"modified":"2024-01-18T01:09:21","modified_gmt":"2024-01-18T07:09:21","slug":"necesario-seguir-presentando-iniciativas-viables-diputada-gabriela-olvera-higuera","status":"publish","type":"post","link":"https:\/\/www.diarioimagen.net\/?p=607058","title":{"rendered":"Necesario, seguir presentando iniciativas viables: diputada Gabriela Olvera Higuera"},"content":{"rendered":"<p>&nbsp;<\/p>\n<p><a href=\"https:\/\/www.diarioimagen.net\/?attachment_id=607115\" rel=\"attachment wp-att-607115\"><img loading=\"lazy\" decoding=\"async\" class=\"aligncenter size-full wp-image-607115\" src=\"https:\/\/www.diarioimagen.net\/wp-content\/uploads\/2024\/01\/necesario-seguir-presentando.jpg\" alt=\"\" width=\"460\" height=\"270\" \/><\/a><\/p>\n<p>&nbsp;<\/p>\n<p><strong>Valle de M\u00e9xico.\u2014 <\/strong>Como integrante del Grupo Parlamentario de Acci\u00f3n Nacional, en el Congreso federal, se ha llevado a cabo una agenda clara y precisa, en cuyo centro est\u00e1 lo m\u00e1s importante que es nuestra gente, sus derechos y libertades.<\/p>\n<p>As\u00ed lo asegur\u00f3 la legisladora federal, Gabriela Olvera Higuera, al tiempo de remarcar la \u201cnecesidad de seguir dando a conocer los desaciertos y proponiendo iniciativas viables, al Gobierno Federal, en temas como la dolosa e impagable deuda actual, los lamentables \u00edndices de pobreza que siguen en constante crecimiento, la problem\u00e1tica de salud, la inseguridad, el desempleo, entre muchas otras situaciones que enfrentamos a diario\u201d.<\/p>\n<p>Asimismo, Gaby Olvera, puntualiz\u00f3 que \u201cpor el profundo amor que le tengo a mi pa\u00eds y en cumplimiento al acuerdo que hice con ustedes para informar y trabajar de la mano, seguir\u00e9 siendo responsable con mi compromiso de buscar acuerdos legislativos que garanticen a las familias mexicanas una mejor calidad de vida y para los sectores econ\u00f3micos, estabilidad y productividad\u201d, destac\u00f3.<\/p>\n<p>Finalmente, y en el marco de su segundo informe de labores legislativas, Gaby Olvera, asegur\u00f3 ha presentado 776 iniciativas, y por mencionar las m\u00e1s destacadas, est\u00e1n el garantizar el derecho de las medicinas, estancias infantiles y refugios para mujeres maltratadas, seguridad social, entre otras.<\/p>\n","protected":false},"excerpt":{"rendered":"<p>Como integrante del Grupo Parlamentario de Acci\u00f3n Nacional, en el Congreso federal, se ha llevado a cabo una agenda clara y precisa, en cuyo centro est\u00e1 lo m\u00e1s importante que es nuestra gente, sus derechos y libertades.<\/p>\n","protected":false},"author":3,"featured_media":607115,"comment_status":"open","ping_status":"open","sticky":false,"template":"","format":"standard","meta":{"_monsterinsights_skip_tracking":false,"_monsterinsights_sitenote_active":false,"_monsterinsights_sitenote_note":"","_monsterinsights_sitenote_category":0,"footnotes":""},"categories":[5],"tags":[7431,43675,99226],"class_list":["post-607058","post","type-post","status-publish","format-standard","has-post-thumbnail","hentry","category-estado-de-mexico","tag-diputada","tag-estado-de-mexico","tag-gabriela-olvera-higuera"],"_links":{"self":[{"href":"https:\/\/www.diarioimagen.net\/index.php?rest_route=\/wp\/v2\/posts\/607058","targetHints":{"allow":["GET"]}}],"collection":[{"href":"https:\/\/www.diarioimagen.net\/index.php?rest_route=\/wp\/v2\/posts"}],"about":[{"href":"https:\/\/www.diarioimagen.net\/index.php?rest_route=\/wp\/v2\/types\/post"}],"author":[{"embeddable":true,"href":"https:\/\/www.diarioimagen.net\/index.php?rest_route=\/wp\/v2\/users\/3"}],"replies":[{"embeddable":true,"href":"https:\/\/www.diarioimagen.net\/index.php?rest_route=%2Fwp%2Fv2%2Fcomments&post=607058"}],"version-history":[{"count":0,"href":"https:\/\/www.diarioimagen.net\/index.php?rest_route=\/wp\/v2\/posts\/607058\/revisions"}],"wp:featuredmedia":[{"embeddable":true,"href":"https:\/\/www.diarioimagen.net\/index.php?rest_route=\/wp\/v2\/media\/607115"}],"wp:attachment":[{"href":"https:\/\/www.diarioimagen.net\/index.php?rest_route=%2Fwp%2Fv2%2Fmedia&parent=607058"}],"wp:term":[{"taxonomy":"category","embeddable":true,"href":"https:\/\/www.diarioimagen.net\/index.php?rest_route=%2Fwp%2Fv2%2Fcategories&post=607058"},{"taxonomy":"post_tag","embeddable":true,"href":"https:\/\/www.diarioimagen.net\/index.php?rest_route=%2Fwp%2Fv2%2Ftags&post=607058"}],"curies":[{"name":"wp","href":"https:\/\/api.w.org\/{rel}","templated":true}]}}