{"id":607075,"date":"2024-01-18T00:02:09","date_gmt":"2024-01-18T06:02:09","guid":{"rendered":"https:\/\/www.diarioimagen.net\/?p=607075"},"modified":"2024-01-18T22:30:50","modified_gmt":"2024-01-19T04:30:50","slug":"la-coparmex-cancun-confia-en-la-rentabilidad-del-tren-maya","status":"publish","type":"post","link":"https:\/\/www.diarioimagen.net\/?p=607075","title":{"rendered":"La Coparmex-Canc\u00fan conf\u00eda\u00a0en la rentabilidad del\u00a0Tren Maya"},"content":{"rendered":"<p>&nbsp;<\/p>\n<h2 style=\"text-align: center;\">Para los pr\u00f3ximos a\u00f1os<\/h2>\n<p>&nbsp;<\/p>\n<ul>\n<li><strong><em>Esperan que el proyecto sea sustentable y econ\u00f3micamente fiable\u00a0<\/em><\/strong><\/li>\n<\/ul>\n<p><strong>\u00a0<\/strong><\/p>\n<div id=\"attachment_607100\" style=\"width: 470px\" class=\"wp-caption aligncenter\"><a href=\"https:\/\/www.diarioimagen.net\/?attachment_id=607100\" rel=\"attachment wp-att-607100\"><img loading=\"lazy\" decoding=\"async\" aria-describedby=\"caption-attachment-607100\" class=\"size-full wp-image-607100\" src=\"https:\/\/www.diarioimagen.net\/wp-content\/uploads\/2024\/01\/TREN01.jpg\" alt=\"\" width=\"460\" height=\"270\" \/><\/a><p id=\"caption-attachment-607100\" class=\"wp-caption-text\">La Coparmex conf\u00eda en que el Tren Maya funcione bien y sea rentable en los pr\u00f3ximos a\u00f1os.<\/p><\/div>\n<p>&nbsp;<\/p>\n<p>La Confederaci\u00f3n Patronal de la Rep\u00fablica Mexicana (Coparmex) conf\u00eda en que el Tren Maya funcione bien y sea rentable en los pr\u00f3ximos a\u00f1os, no obstante, destacan que debe estar a cargo de expertos en cada uno de los rubros para que todas las metas sean alcanzadas.<\/p>\n<p>La presidente de la Coparmex Canc\u00fan, Ang\u00e9lica Fr\u00edas, declar\u00f3: \u201cPara que el Tren Maya pueda funcionar muy probablemente lo que deben seguir, la recomendaci\u00f3n como en cualquier empresa, es tener expertos y gente que pueda hacerlo rentable porque ya tiene una fuerte inversi\u00f3n y tiene que funcionar; queremos que funcione, por supuesto somos los primeros que queremos que el Tren Maya funcione\u201d.<\/p>\n<p>Y es que, afirma que cuando se emprende un proyecto, este debe ser sustentable y econ\u00f3micamente viable, por ello es dif\u00edcil emprender, pues se deben hacer muchas proyecciones. \u201cLo que ellos tienen que analizar, es traer a los mejores expertos, a los que lo pueden hacer rentable, porque esa es la clave en cualquier empresa\u201d dijo la empresaria.<\/p>\n<p>Asimismo, destaca: \u201cT\u00fa no puedes ser el que hace todo, pues tienes que tener expertos que conozcan del tema precisamente para que lo puedan hacer rentable; hay que recurrir a gente especialista, lo importante y lo que queremos y lo que pedimos todos es que el tren funcione y creo que si el tren funciona todos nos vamos a ver favorecidos\u201d.<\/p>\n<p>Y destac\u00f3 que se trata de un proceso retador porque hay veces que los empresarios se meten a la pol\u00edtica y no necesariamente un buen empresario es un buen pol\u00edtico, y tambi\u00e9n del otro lado, se necesitan habilidades diferentes.<\/p>\n<p>En cuanto al inicio de este 2024, destac\u00f3 que hay muchos cambios que vienen en puerta y que como empresarios piden que no se tomen a la ligera, porque son decisiones que deben ser analizadas t\u00e9cnicamente y no tener fines electorales, entre estos cambios, los ajustes a la ley federal del trabajo con la reducci\u00f3n de la jornada laboral y los incrementos en los sueldos.<\/p>\n<p>\u201cNo debe convertirse la agenda legislativa en una agenda pol\u00edtica, es la clave hoy en d\u00eda, que la agenda realmente busque intereses del bien com\u00fan y no ganar votos. Para ello, desde la Coparmex se estar\u00e1 trabajando con todos los cap\u00edtulos a nivel nacional y en las primeras sesiones de trabajo en las siguientes semanas analizar\u00e1n esos temas\u201d concluy\u00f3.<\/p>\n","protected":false},"excerpt":{"rendered":"<p>La Confederaci\u00f3n Patronal de la Rep\u00fablica Mexicana (Coparmex) conf\u00eda en que el Tren Maya funcione bien y sea rentable en los pr\u00f3ximos a\u00f1os, no obstante, destacan que debe estar a cargo de expertos en cada uno de los rubros para\u00a0que\u00a0todas las metas sean alcanzadas.<\/p>\n","protected":false},"author":3,"featured_media":607100,"comment_status":"open","ping_status":"open","sticky":false,"template":"","format":"standard","meta":{"_monsterinsights_skip_tracking":false,"_monsterinsights_sitenote_active":false,"_monsterinsights_sitenote_note":"","_monsterinsights_sitenote_category":0,"footnotes":""},"categories":[17,8],"tags":[63230,308,43678,76415],"class_list":["post-607075","post","type-post","status-publish","format-standard","has-post-thumbnail","hentry","category-especiales","category-finanzas","tag-confia","tag-coparmex","tag-finanzas","tag-tren-maya"],"_links":{"self":[{"href":"https:\/\/www.diarioimagen.net\/index.php?rest_route=\/wp\/v2\/posts\/607075","targetHints":{"allow":["GET"]}}],"collection":[{"href":"https:\/\/www.diarioimagen.net\/index.php?rest_route=\/wp\/v2\/posts"}],"about":[{"href":"https:\/\/www.diarioimagen.net\/index.php?rest_route=\/wp\/v2\/types\/post"}],"author":[{"embeddable":true,"href":"https:\/\/www.diarioimagen.net\/index.php?rest_route=\/wp\/v2\/users\/3"}],"replies":[{"embeddable":true,"href":"https:\/\/www.diarioimagen.net\/index.php?rest_route=%2Fwp%2Fv2%2Fcomments&post=607075"}],"version-history":[{"count":0,"href":"https:\/\/www.diarioimagen.net\/index.php?rest_route=\/wp\/v2\/posts\/607075\/revisions"}],"wp:featuredmedia":[{"embeddable":true,"href":"https:\/\/www.diarioimagen.net\/index.php?rest_route=\/wp\/v2\/media\/607100"}],"wp:attachment":[{"href":"https:\/\/www.diarioimagen.net\/index.php?rest_route=%2Fwp%2Fv2%2Fmedia&parent=607075"}],"wp:term":[{"taxonomy":"category","embeddable":true,"href":"https:\/\/www.diarioimagen.net\/index.php?rest_route=%2Fwp%2Fv2%2Fcategories&post=607075"},{"taxonomy":"post_tag","embeddable":true,"href":"https:\/\/www.diarioimagen.net\/index.php?rest_route=%2Fwp%2Fv2%2Ftags&post=607075"}],"curies":[{"name":"wp","href":"https:\/\/api.w.org\/{rel}","templated":true}]}}