{"id":607135,"date":"2024-01-18T00:02:36","date_gmt":"2024-01-18T06:02:36","guid":{"rendered":"https:\/\/www.diarioimagen.net\/?p=607135"},"modified":"2024-01-18T01:55:24","modified_gmt":"2024-01-18T07:55:24","slug":"la-crisis-sigue-en-el-tepjf-felipe-de-la-mata-facilita-todo-a-morena","status":"publish","type":"post","link":"https:\/\/www.diarioimagen.net\/?p=607135","title":{"rendered":"La crisis sigue en el TEPJF; Felipe de la Mata facilita todo a Morena"},"content":{"rendered":"<h2>La Retaguardia<\/h2>\n<h5>Adriana Moreno Cordero<\/h5>\n<p>&nbsp;<\/p>\n<p><strong><em>* Los d\u00edas del comandante Luis Felipe Said\u00e9n podr\u00edan estar contados<\/em><\/strong><\/p>\n<p>&nbsp;<\/p>\n<p>El Tribunal Electoral del Poder Judicial de la Federaci\u00f3n sigue inmerso en una profunda crisis en momentos nada recomendables y no s\u00f3lo porque se quede con 11 de los 16 magistrados requeridos, lo que le facilita al presidente <strong>Andr\u00e9s Manuel L\u00f3pez Obrador<\/strong> extinguirlo. Menos a\u00fan que por decreto, la presidenta del TEPJF, <strong>M\u00f3nica Soto<\/strong>, haya dicho cuando asumi\u00f3 esa posici\u00f3n que era hora de \u201cdar vuelta a la hoja\u201d a los conflictos que vivi\u00f3 dicho Tribunal.<\/p>\n<p>Durante su sesi\u00f3n de ayer, esa instancia judicial demostr\u00f3 que hay magistrados afines totalmente ni m\u00e1s ni menos que al inquilino de Palacio Nacional. El caso es el de <strong>Felipe de la Mata<\/strong>, \u2014que por cierto apoy\u00f3 a Soto en su b\u00fasqueda por la presidencia del Tribunal\u2014, al frenar una multa por 68 millones de pesos en contra de Morena, por las irregularidades contables en el proceso interno donde fue electa quien fuera la \u201ccorcholata\u201d consentida<strong>\u00a0Claudia Sheinbaum<\/strong>, durante la contienda interna del partido guinda<strong>. <\/strong><\/p>\n<p>Poco antes de llevarse a cabo la sesi\u00f3n de la Sala Superior, el magistrado\u00a0<strong>Reyes Rodr\u00edguez<\/strong>, \u2014contra quien M\u00f3nica Soto y compa\u00f1\u00eda enderezaron sus bater\u00edas para quitarlo de la presidencia del TEPJF,\u2014\u00a0puso en entredicho la propuesta de bajar el referido proyecto del orden del d\u00eda, al tiempo que manifest\u00f3 sus dudas sobre si los distinguidos miembros del oficialismo, como suele ser su costumbre, hubieran ejercido presi\u00f3n entre los magistrados, especialmente porque hoy es el apote\u00f3sico cierre de precampa\u00f1a, en el Monumento a la Revoluci\u00f3n, de la se\u00f1ora Sheinbaum de Tarriba y Morena y r\u00e9moras no quieren que haya la menor se\u00f1al que pudiera ensombrecer tan magno evento.<\/p>\n<p>Con eso de que ayer desde Poza Rica, Veracruz, la abanderada morenista asegur\u00f3 que la noche del 2 de junio, d\u00eda del proceso electoral m\u00e1s importante de la historia en el pa\u00eds, Morena y r\u00e9moras estar\u00e1n celebrando la victoria de su movimiento. \u00bfSer\u00e1?<\/p>\n<p>Por cierto, en este evento de Poza Rica, el flamante gobernador <strong>Cuitl\u00e1huac Garc\u00eda<\/strong> no se dej\u00f3 ver y no precisamente porque fuera d\u00eda laborable, sino porque le qued\u00f3 el recuerdo de la rechifla que se llev\u00f3 la \u00faltima vez que se present\u00f3 junto a la ex jefa de Gobierno de la ciudad de M\u00e9xico. No sobra recordar que la gesti\u00f3n de Garc\u00eda ha sido pat\u00e9tica, por decir lo menos.<\/p>\n<p>Debido a todo lo anterior que reflejan los conflictos internos entre el oficialismo, el magistrado Felipe de la Mata bien que les ayud\u00f3, pues casi, casi de la manga, se sac\u00f3 que el representante de Morena ante el Instituto Nacional Electoral, (INE), el diputado <strong>Sergio Guti\u00e9rrez Luna<\/strong>, \u201cGutierritos\u201d, le pidi\u00f3 cita al magistrado de la Mata, a lo que \u00e9ste \u00faltimo, sol\u00edcito acept\u00f3.<\/p>\n<p style=\"text-align: center;\"><strong>Municiones<\/strong><\/p>\n<p>*** De manera muy sentida, la presidenta de la Comisi\u00f3n Permanente del Congreso de la Uni\u00f3n, <strong>Marcela Guerra<\/strong>, pidi\u00f3 un minuto de silencio a la memoria de <strong>Carlos Rojas Guti\u00e9rrez<\/strong>, ex secretario de Desarrollo Social, quien falleci\u00f3 ayer y, solidaria, la diputada Guerra envi\u00f3 su m\u00e1s sentido p\u00e9same a la esposa del ex funcionario, la senadora <strong>M\u00f3nica Fern\u00e1ndez Balboa<\/strong>.<\/p>\n<p>*** En Yucat\u00e1n, corre fuerte la versi\u00f3n de que los d\u00edas del comandante <strong>Luis Felipe Said\u00e9n <\/strong>al frente de la Secretar\u00eda de Seguridad P\u00fablica local podr\u00edan estar contados. Lo anterior porque Claudia Sheinbaum ha venido placeando en diferentes eventos en ese estado a su colaboradora, la yucateca <strong>Marcela Figueroa Franco<\/strong>, quien tomar\u00eda el mando de los cuerpos policiacos en caso de que el candidato morenista al gobierno de la entidad, <strong>Joaqu\u00edn \u201cHuacho\u201d D\u00edaz Mena<\/strong>, resulte victorioso en la elecci\u00f3n del pr\u00f3ximo\u00a0 2 junio. Lo preocupante del asunto es que el cambio no ser\u00eda \u00fanicamente de funcionario, sino que la estrategia que Said\u00e9n Ojeda ha aplicado con \u00e9xito durante los \u00faltimos 17 a\u00f1os se ver\u00eda seriamente afectada al ser sustituida por una dise\u00f1ada y controlada desde el centro del pa\u00eds, con todo y sus cuestionables resultados.<\/p>\n<p>*** <strong>Paloma S\u00e1nchez<\/strong> y <strong>Carolina Viggiano<\/strong> son dos de las diputadas priistas que tambi\u00e9n se registraron ayer. Quien caus\u00f3 gran expectativa y llam\u00f3 poderosamente la atenci\u00f3n, aunque ya se sab\u00eda, fue el registro como\u00a0 candidato del PRI al Senado de la Rep\u00fablica, de <strong>Manlio Fabio Beltrones<\/strong>, que con ese hecho marca su retorno oficial y con todo a la pol\u00edtica<\/p>\n<p>*** Muy engallado anda el flamante candidato presidencial de Movimiento Ciudadano, <strong>Jorge \u00c1lvarez M\u00e1ynez<\/strong>, \u201cpara ver qui\u00e9n tiene en sus filas al pero de los Garc\u00eda\u201d, en referencia a Genaro Garc\u00eda Luna y Omar Garc\u00eda Harfuch\u201d. Pero todo este esc\u00e1ndalo y\u00a0 aromas que da \u00c1lvarez M\u00e1ynez, es parte de una sesuda estrategia naranja para ver si as\u00ed consigue destacar o hacerse un poquito m\u00e1s conocido en el electorado, porque eso de ser el \u00fanico hombre que compite por la presidencia de la Rep\u00fablica, no le ha servido de nada. Total que el candidato \u201cfosfo-fosfo\u201d se lanz\u00f3 duro en contra de las precandidatas <strong>X\u00f3chitl G\u00e1lvez<\/strong> y Claudia Sheinbaum, acus\u00e1ndolas de banalizar el tema en seguridad y para todos tuvo y reparti\u00f3, por lo que se le fue a la yugular al ex secretario de Seguridad y Protecci\u00f3n Ciudadana, reiterando su acusaci\u00f3n de que Garc\u00eda Harfuch fue disc\u00edpulo de Garc\u00eda Luna, lo que el ex secretario de Seguridad en la CDMX, ha negado. Pero no deber\u00eda de molestarse Garc\u00eda Harfuch en contestarle a un candidato tan menor. Y por eso precisamente, la aspirante a la alcald\u00eda de Monterrey, Mariana Rodr\u00edguez, ya trabaja muy apurada en el cierre de precampa\u00f1a del diputado naranja con licencia que se llevar\u00e1 a cabo hoy en Monterrey, (pues si no, \u00bfd\u00f3nde?). Se dice en las filas de Movimiento Ciudadano que la se\u00f1ora Rodr\u00edguez de Garc\u00eda, est\u00e1 dispuesta a \u201csacrificarse\u201d para ser ella el centro de atenci\u00f3n y no un desconocido \u00c1lvarez M\u00e1ynez. \u00bfSer\u00e1?<\/p>\n<p>*** Por cierto, G\u00e1lvez Ruiz estuvo ayer en Tabasco, desde donde envi\u00f3 un mensaje pol\u00edtico gastron\u00f3mico\u201d, al degustar el primero de varios pejelagartos. Sobre el debate al que la panista ret\u00f3 a la precandidata de Morena, X\u00f3chitl G\u00e1lvez se\u00f1al\u00f3: \u201cCreo que M\u00e9xico merece que hablemos los temas. Ella dice que M\u00e9xico est\u00e1 mejor que nunca, Yo digo que no. Entonces, cara a cara yo digo por qu\u00e9 M\u00e9xico no est\u00e1 mejor que nunca y yo pongo los n\u00fameros de seguridad en la mesa, pongo los temas de corrupci\u00f3n en la mesa, pongo los temas de salud\u201d y agreg\u00f3 que la soberbia que ha demostrado tener Sheinbaum Pardo es lo que la va a perder. Hoy, G\u00e1lvez Ruiz. Hoy cerrar\u00e1 su precampa\u00f1a en Ac\u00e1mbaro, Guanajuato.<\/p>\n<p><u><a href=\"mailto:morcora@gmail.com\" target=\"_blank\" rel=\"noopener noreferrer\"><em>morcora@gmail.com<\/em><\/a><\/u><\/p>\n","protected":false},"excerpt":{"rendered":"<p><span style=\"color: #005497;\"><strong>Adriana Moreno Cordero<\/strong><\/span><\/p>\n","protected":false},"author":3,"featured_media":0,"comment_status":"open","ping_status":"open","sticky":false,"template":"","format":"standard","meta":{"_monsterinsights_skip_tracking":false,"_monsterinsights_sitenote_active":false,"_monsterinsights_sitenote_note":"","_monsterinsights_sitenote_category":0,"footnotes":""},"categories":[69370],"tags":[69369,69368,43674],"class_list":["post-607135","post","type-post","status-publish","format-standard","hentry","category-adriana-moreno-cordero","tag-adriana-moreno-cordero","tag-la-retaguardia","tag-opinion"],"_links":{"self":[{"href":"https:\/\/www.diarioimagen.net\/index.php?rest_route=\/wp\/v2\/posts\/607135","targetHints":{"allow":["GET"]}}],"collection":[{"href":"https:\/\/www.diarioimagen.net\/index.php?rest_route=\/wp\/v2\/posts"}],"about":[{"href":"https:\/\/www.diarioimagen.net\/index.php?rest_route=\/wp\/v2\/types\/post"}],"author":[{"embeddable":true,"href":"https:\/\/www.diarioimagen.net\/index.php?rest_route=\/wp\/v2\/users\/3"}],"replies":[{"embeddable":true,"href":"https:\/\/www.diarioimagen.net\/index.php?rest_route=%2Fwp%2Fv2%2Fcomments&post=607135"}],"version-history":[{"count":0,"href":"https:\/\/www.diarioimagen.net\/index.php?rest_route=\/wp\/v2\/posts\/607135\/revisions"}],"wp:attachment":[{"href":"https:\/\/www.diarioimagen.net\/index.php?rest_route=%2Fwp%2Fv2%2Fmedia&parent=607135"}],"wp:term":[{"taxonomy":"category","embeddable":true,"href":"https:\/\/www.diarioimagen.net\/index.php?rest_route=%2Fwp%2Fv2%2Fcategories&post=607135"},{"taxonomy":"post_tag","embeddable":true,"href":"https:\/\/www.diarioimagen.net\/index.php?rest_route=%2Fwp%2Fv2%2Ftags&post=607135"}],"curies":[{"name":"wp","href":"https:\/\/api.w.org\/{rel}","templated":true}]}}