{"id":607253,"date":"2024-01-19T00:13:09","date_gmt":"2024-01-19T06:13:09","guid":{"rendered":"https:\/\/www.diarioimagen.net\/?p=607253"},"modified":"2024-01-22T01:38:30","modified_gmt":"2024-01-22T07:38:30","slug":"sergio-el-caballero","status":"publish","type":"post","link":"https:\/\/www.diarioimagen.net\/?p=607253","title":{"rendered":"Sergio, el caballero"},"content":{"rendered":"<h2>Se comenta s\u00f3lo con\u2026<\/h2>\n<h5>Carlos Ramos Padilla<\/h5>\n<p>&nbsp;<\/p>\n<p>Insisto en que resulta muy dif\u00edcil escribir sobre las bondades de los grandes amigos cuando ellos han fallecido. Hacer un recuento de su vida podr\u00eda resultar sencillo, pero no de su personalidad, de sus m\u00e1s \u00edntimas reflexiones, de su m\u00edstica. Eso solamente se comparte con los intensos y prolongados momentos de convivencia mutua. Ah\u00ed se conoce y se aprende.<\/p>\n<p>Sergio Garc\u00eda Ram\u00edrez hasta en esos encuentros era generoso. Empezaba por germinar la amistad y llegada est\u00e1 sin condiciones, la complicidad en el debate de pensamientos.<\/p>\n<p>El pasado 10 de enero muri\u00f3 Sergio, el caballero, dejando una herencia perdurable. Largas, muy largas jornadas de esgrima intelectual que hice con \u00e9l. No variaba su posici\u00f3n en lo privado ni \u00e9l lo public\u00f3, era de una sola pieza. Siempre ecu\u00e1nime, tranquilo, conocedor de que de su lado le cubr\u00eda una ampl\u00edsima cultura. Por ello no desperdiciaba el tiempo en discusiones banales y sin sentido.<\/p>\n<p>Hombre de m\u00e9ritos y aportaciones s\u00f3lido, eso s\u00ed, por el debilitamiento del Estado de Derecho en el pa\u00eds. Su sabidur\u00eda le imped\u00eda proferir insultos o calificativos ruines a sus semejantes. No necesitaba rebajarse para hacerse entender. Sab\u00eda que radicalizar a la sociedad no procuraba ni bienestar ni paz. Estaba preocupado, muy inquieto. Recordemos que tuvo la valent\u00eda de competir por la candidatura a la Presidencia de la Rep\u00fablica.<\/p>\n<p>Tengamos en la memoria que como universitario ampli\u00f3 la gama de conocimientos y como mexicano dio ejemplo de pundonor y nacionalismo. Para los anales, su respuesta \u00e9tica a los cargos p\u00fablicos que acept\u00f3 ejercer es impresionante. Subsecretario de Patrimonio Nacional, Gobernaci\u00f3n, Educaci\u00f3n P\u00fablica, Patrimonio y Fomento Industrial, secretario del Trabajo y Previsi\u00f3n Social, presidente Fundador del Tribunal Superior Agrario, Procurador General de la Rep\u00fablica y consejero electoral del IFE, entre muchos. En el competido tapete internacional fue juez y presidente de la Corte Interamericana de Derechos Humanos.<\/p>\n<p>Siempre acompa\u00f1ado por su c\u00f3mplice de vida, Carmen, experiment\u00f3 la fuerza de la familia a la que siempre ofreci\u00f3 sus mejores consideraciones. No s\u00e9 c\u00f3mo lo lograba, pero el tiempo para Sergio siempre le alcanzaba para todo y todos. Nos deja m\u00e1s de 900 conferencias dictadas; m\u00e1s de 60 libros como autor y m\u00e1s de 300 art\u00edculos en revistas arbitradas nacionales e internacionales.<\/p>\n<p>Investigador Em\u00e9rito de nuestra alma mater, siempre presid\u00eda eventos de alto valor para la academia. Por ello al inicio de estas l\u00edneas se\u00f1al\u00e9 que me resulta dif\u00edcil exponer en sentimientos la obra de Sergio Garc\u00eda Ram\u00edrez porque es un fino maestro de vida, formador, generados de seres buenos y respetuosos.<\/p>\n<p>Y como su propio autor se permiti\u00f3 autodefinirse en su obra <em>Del alba al crep\u00fasculo,<\/em> atrevi\u00e9ndose incluso a dejar plasmado su deseo e instrucciones para el t\u00e9rmino de su vida. A\u00f1o con a\u00f1o, sin falta me regalaba un libro de Navidad, lleno de exquisitas alegor\u00edas y an\u00e9cdotas. Hablaba como escrib\u00eda y escrib\u00eda para trascender.<\/p>\n<p>Sencillo nunca pretendi\u00f3 ni reconocimientos ni homenajes aunque la naci\u00f3n se lo debe. Nunca dej\u00f3 de anteponer el DON Carlos cuando nos encontr\u00e1bamos y jam\u00e1s dej\u00f3 de abrazarme con franqueza y eso no queda en libros o c\u00e1tedras, sino en el alma. No hubo negativa alguna para participar en mis espacios de radio y televisi\u00f3n siempre con temas delicados, hondos que llamaban al an\u00e1lisis pero tambi\u00e9n a la conclusi\u00f3n.<\/p>\n<p>No cabe la menor duda que con DON Sergio Garc\u00eda Ram\u00edrez se confirma con toda plenitud aquello de que la Universidad Nacional Aut\u00f3noma de M\u00e9xico siembra hijos para cosechar sabios. Quienes tuvimos el privilegio de coincidir en tiempo y espacio con Sergio, sabemos que crecimos aprendiendo de \u00e9l y el m\u00e1s puro agradecimiento no es suficiente y Carmen, su esposa, lo sabe.<\/p>\n<p>Nos deja la tarea de continuar con su esfuerzo de engrandecer a la patria, no con su talento de excelencia y vanguardia, pero s\u00ed en nuestras capacidades y esfuerzos. Todav\u00eda conservo el calor de ese abrazo que me regal\u00f3 durante la entrega de los Premios Pag\u00e9s hace unas semanas. Lejos de pensar siquiera que ser\u00eda el \u00faltimo. Extiendo mi pesar a Carmen y a su familia, pero ellos han de estar felices de haber convivido con uno de los grandes entre los grandes hombres de M\u00e9xico y la UNAM.<\/p>\n<p><a href=\"https:\/\/twitter.com\/cramospadilla?ref_src=twsrc%5Egoogle%7Ctwcamp%5Eserp%7Ctwgr%5Eauthor\" target=\"_blank\" rel=\"noopener\"><em>@cramospadilla<\/em><\/a><\/p>\n","protected":false},"excerpt":{"rendered":"<p><span style=\"color: #005497;\"><strong>Carlos Ramos Padilla<\/strong><\/span><\/p>\n","protected":false},"author":3,"featured_media":0,"comment_status":"open","ping_status":"open","sticky":false,"template":"","format":"standard","meta":{"_monsterinsights_skip_tracking":false,"_monsterinsights_sitenote_active":false,"_monsterinsights_sitenote_note":"","_monsterinsights_sitenote_category":0,"footnotes":""},"categories":[97109],"tags":[97108,43674,97107],"class_list":["post-607253","post","type-post","status-publish","format-standard","hentry","category-carlos-ramos-padilla","tag-carlos-ramos-padilla","tag-opinion","tag-se-comenta-solo-con"],"_links":{"self":[{"href":"https:\/\/www.diarioimagen.net\/index.php?rest_route=\/wp\/v2\/posts\/607253","targetHints":{"allow":["GET"]}}],"collection":[{"href":"https:\/\/www.diarioimagen.net\/index.php?rest_route=\/wp\/v2\/posts"}],"about":[{"href":"https:\/\/www.diarioimagen.net\/index.php?rest_route=\/wp\/v2\/types\/post"}],"author":[{"embeddable":true,"href":"https:\/\/www.diarioimagen.net\/index.php?rest_route=\/wp\/v2\/users\/3"}],"replies":[{"embeddable":true,"href":"https:\/\/www.diarioimagen.net\/index.php?rest_route=%2Fwp%2Fv2%2Fcomments&post=607253"}],"version-history":[{"count":0,"href":"https:\/\/www.diarioimagen.net\/index.php?rest_route=\/wp\/v2\/posts\/607253\/revisions"}],"wp:attachment":[{"href":"https:\/\/www.diarioimagen.net\/index.php?rest_route=%2Fwp%2Fv2%2Fmedia&parent=607253"}],"wp:term":[{"taxonomy":"category","embeddable":true,"href":"https:\/\/www.diarioimagen.net\/index.php?rest_route=%2Fwp%2Fv2%2Fcategories&post=607253"},{"taxonomy":"post_tag","embeddable":true,"href":"https:\/\/www.diarioimagen.net\/index.php?rest_route=%2Fwp%2Fv2%2Ftags&post=607253"}],"curies":[{"name":"wp","href":"https:\/\/api.w.org\/{rel}","templated":true}]}}