{"id":607258,"date":"2024-01-19T00:11:12","date_gmt":"2024-01-19T06:11:12","guid":{"rendered":"https:\/\/www.diarioimagen.net\/?p=607258"},"modified":"2024-01-19T00:20:32","modified_gmt":"2024-01-19T06:20:32","slug":"otro-fraude-electoral-a-la-vista","status":"publish","type":"post","link":"https:\/\/www.diarioimagen.net\/?p=607258","title":{"rendered":"\u00bfOtro fraude electoral a la vista?"},"content":{"rendered":"<h2>\u00cdndice pol\u00edtico<\/h2>\n<h5>Francisco Rodr\u00edguez<\/h5>\n<p>&nbsp;<\/p>\n<p>Seg\u00fan los cuatroteros \u00a1ya ganaron en estas elecciones de 2024!<\/p>\n<p>Todos hemos sido testigos \u2014y muchos, v\u00edctimas\u2014 del coctel explosivo que fabrica la mentalidad reaccionaria cuando se mezcla con los intereses impunes del crimen organizado, el saqueo c\u00f3mplice y los artilugios electoreros, para imponer a los peores en la Presidencia de la Rep\u00fablica, las gubernaturas, en el Senado y en la C\u00e1mara de Diputados.<\/p>\n<p>Los mensajes ofensivos y repetitivos, emitidos a trav\u00e9s de radio y televisi\u00f3n, lo mismo que en ama\u00f1adas encuestas con las que, a trav\u00e9s del uso del miedo, tratan de consumar la abstenci\u00f3n y la molicie c\u00edvica, acaban revirti\u00e9ndose contra el emisor, sin importar los or\u00edgenes delictivos y la cuant\u00eda de lo gastado en el empe\u00f1o esquizoide.<\/p>\n<p>\u201c\u00a1Muera la inteligencia y viva la muerte!\u201d, frase famosa de <strong>Mill\u00e1n Astray<\/strong> durante la guerra civil espa\u00f1ola, se mantiene como la principal divisa de \u201clas gentecitas\u201d metidas a \u201cla pol\u00edtica\u201d \u2014en realidad a \u201cla grilla\u201d y al saqueo\u2014 con el objetivo de la depredaci\u00f3n, \u201cformados\u201d en las aberrantes cavernas de grupos delictivos regionales que constituyen un peligro para el pueblo.<\/p>\n<p>Son id\u00e9nticos al grupo de gazmo\u00f1os mexicanos, los llamados \u201cpolkos\u201d, que hace 190 a\u00f1os aplaudieron en las calles la infamante invasi\u00f3n estadounidense de <strong>James K. Polk<\/strong>. Igualitos a los que ensalzaron todas las intervenciones armadas, la entronizaci\u00f3n del Imperio Habsburgo y encabezaron la lucha contra todas las defensas soberanas postrevolucionarias.<\/p>\n<p>Son los ignorantes mentecatos empe\u00f1ados en traicionar nuestros or\u00edgenes con enga\u00f1ifas tales como \u201cprimero los pobres\u201d, desconocer nuestra identidad y apoyar todas las medidas provenientes del Foro de Sao Paulo, dirigidas a agudizar la pobreza y acrecentar sin medida la indefensi\u00f3n y el hambre de la poblaci\u00f3n.<\/p>\n<p>Ya olvidaron cuando Televisa impuso el infecto \u201ctriunfo electoral\u201d del borrach\u00edn <strong>Felipe Calder\u00f3n<\/strong>, en 2006, y mentes l\u00facidas de la talla de <strong>Immanuel Wallerstein, Atilio Bor\u00f3n, Eduardo Galeano, James Petras, Ernesto Cardenal<\/strong>, entre otros, firmaron un texto hist\u00f3rico que se\u00f1al\u00f3: \u201cNos duele que la patria de <strong>Benito Ju\u00e1rez<\/strong>, de <strong>Emiliano Zapata<\/strong>, de <strong>L\u00e1zaro C\u00e1rdenas<\/strong>, est\u00e9 mancillada por la verg\u00fcenza de otro fraude electoral, orquestado para favorecer los intereses de las poderosas minor\u00edas locales y transnacionales\u2026<\/p>\n<p>\u2026\u201cSaludamos con respeto y admiraci\u00f3n la resistencia civil de los que luchan por la democracia, justicia, igualdad y soberan\u00eda, pues con ello enaltecen la dignidad del pueblo que supo escribir las mejores p\u00e1ginas de la historia de M\u00e9xico y de nuestra Am\u00e9rica \u201c, dijeron tambi\u00e9n <strong>An\u00edbal Quijano<\/strong> y <strong>V\u00edctor Licandro<\/strong>, dos de las mejores plumas sudamericanas.<\/p>\n<p>No s\u00f3lo ellos. Los 25 ministros de asuntos exteriores de la Comunidad Europea se unieron a la condena de las autoridades electorales mexicanas que se prestaron a las aberraciones fraudulentas y delincuenciales que hicieron palidecer los sucesos escandalosos en Ucrania.<\/p>\n<p>La lucha contra el fraude electoral del 2006 se convirti\u00f3 en una batalla callejera contra los poderes que supuestamente gobiernan \u2014y se mantienen en ello\u2014 sin pasar por una sola criba de las aprobaciones necesarias de la sociedad. Los jerarcas cat\u00f3licos exigieron mansedumbre a los creyentes, \u00a1para \u201cseguir gozando de las bondades de El Sistema\u201d!<\/p>\n<p>La Suprema Corte de Justicia de aquel momento adapt\u00f3 la Constituci\u00f3n al caprichato presidencial, rechazando que el art\u00edculo 97 le confer\u00eda al \u201cm\u00e1ximo tribunal\u201d la revisi\u00f3n de un proceso doloso, argumentando, por voz del infame <strong>Mariano Azuela<\/strong> (\u00a1l\u00e1stima de nombre en tal hombre!) que \u201cestaba redactado con los pies\u201d. El pomposo Tribunal Electoral del Poder Judicial de la Federaci\u00f3n, hoy en manos de Morena, acatando ciegamente los designios de los poderes f\u00e1cticos, se neg\u00f3 a limpiar el cochinero y declar\u00f3 Presidente Electo a un beodo que inici\u00f3 un ba\u00f1o de sangre en el pa\u00eds.<\/p>\n<p style=\"text-align: center;\"><strong>\u00bfYa se prepara el \u201ccuartelazo\u201d?<\/strong><\/p>\n<p>Hoy, los cuatroteros se confabulan<br \/>\n\u2014\u00a1ooooootra vez!\u2014 con Televisa y sus empresarios consentidos para repetir la dosis. Pero lo de ahora, m\u00e1s que semejar un complot pol\u00edtico, se parece a un \u201ccuartelazo\u201d.<\/p>\n<p>Las fuerzas de las armas, el dinero y el miedo medi\u00e1tico, empujan a la sociedad a \u201cjustificar\u201d con su voto, un atraco teratol\u00f3gico y aberrante.<\/p>\n<p>Como buenos cavernarios, desde la sombra preparan el despojo. Maquinadamente, se agazapan, se esconden custodiados por los fusiles de soldados, marinos y guardias nacionales en Palacio Nacional para no dar la cara, pues seg\u00fan ellos, lo tienen todo controlado y \u201cno quieren arriesgar a la investidura presidencial\u201d.<\/p>\n<p>No permiten que el anacoreta de turno, <strong>Andr\u00e9s Manuel L\u00f3pez Obrador<\/strong>, se enfrente a las voces populares. Atrapados por su propio miedo, no se atreven a afrontar a cielo abierto a la poblaci\u00f3n afectada por <strong><em>Otis<\/em><\/strong> en Acapulco, ni a ning\u00fan otro grupo social contestatario, inconforme con el mal gobierno.<\/p>\n<p>Total, piensan, el \u201ccuartelazo\u201d ya est\u00e1 \u201carmado\u201d. Seg\u00fan sus n\u00fameros, construidos a base de maletas de dinero y arreglos pol\u00edticos con sus incondicionales en las C\u00e1maras, el voto duro de Morena, el Verde y el PT, les conceden m\u00e1s del 50% de \u201clas tendencias\u201d. Piensan que, si siguen las cosas como van, todos estos presagios se cumplir\u00e1n en las elecciones del pr\u00f3ximo mes de junio.<\/p>\n<p>Hacen las cuentas del gran capit\u00e1n. Se re\u00fanen con <strong>Dante Delgado<\/strong> para sacar de su chistera a un esquirol, para fragmentar el voto de los ilusos, y conservar \u201cla parte del le\u00f3n\u201d. Si <strong>Jorge \u00c1lvarez M\u00e1ynez<\/strong> y MC consiguieran un 15% de la votaci\u00f3n nacional \u2014no se r\u00eda\u2014, Morena otro 40% y los chiquitos Verde y PT se quedan con las migajas sobrantes, todo est\u00e1 planchado, aseguran.<\/p>\n<p>No habr\u00e1 poder humano que los detenga, seg\u00fan estas sumatorias. Otra vez a robar, hasta dentro de 100 a\u00f1os, por lo menos, como vaticin\u00f3 el desaparecido <strong>Porfirio Mu\u00f1oz Ledo<\/strong>. Obviamente, los paniaguados del INE, el TEPJF y sus \u201cministras del pueblo\u201d en la Corte, no dir\u00e1n ni p\u00edo. Observar\u00e1n puntualmente la aplicaci\u00f3n de la ley, y decidir\u00e1n en consecuencia limpia la inmaculada elecci\u00f3n. <strong>Claudia Sheinbaum<\/strong> ser\u00e1 declarada Presidenta Electa, y todo ser\u00e1 coser y cantar. Los opositores e inconformes, a la calle, que de ah\u00ed vinieron.<\/p>\n<p style=\"text-align: center;\"><strong>\u00bfQu\u00e9 es lo que ya no queremos?<\/strong><\/p>\n<p>Pero\u2026 \u00bfy si no? \u00bfSi es otra de sus fantas\u00edas? \u00bfY si el \u201cvoto duro\u201d de Morena, hoy de alrededor del 25%, para entonces se desinflar\u00e1, a base de decepciones y frustraciones? \u00bfY si la ambici\u00f3n sin freno de los mercaderes Verdes se desbordara y al ver el negocio perdido se retira a convenir con un mejor postor? \u00bfY si el PT hiciera lo mismo, en un coletazo de supervivencia? \u00bfY si los programas pol\u00edticos de los partidos que conforman la Coalici\u00f3n opositora confluyeran y atrajeran a su causa a los hoy incondicionales, ofreci\u00e9ndoles mejores escenarios de negociaci\u00f3n que las de los abusivos cuatroteros \u00f1o\u00f1os? Creo que, en su soberbia, los morenistas ni lo han pensado. \u200ePorque en esas condiciones, la sumatoria que han construido los te\u00f3ricos, operadores y voceros oficiales, puede llegar a sumar cero, igual que los presupuestos fantasiosos y mendaces de la SHCP aprobados en la C\u00e1mara Baja \u201csin cambiarles ni una coma\u201d.<\/p>\n<p>Igual que la inexistente obra de gobierno. Igual que sus proyectos fara\u00f3nicos imposibles. Igual que su fracasada pol\u00edtica econ\u00f3mica, financiera, fiscal, diplom\u00e1tica, social, cultural, y que sus tr\u00e1gicas y rid\u00edculas pol\u00edticas de seguridad nacional.<\/p>\n<p>M\u00e9xico no est\u00e1 ya para jueguitos de Nintendo y computadoras de loquitos contrariados. Que se conformen con embolsarse las millonarias sumas que cobran por hacerle a los gerifaltes su men\u00fa al gusto. De esos huevos ya no hay. No queremos seguir manteniendo al hombre m\u00e1s rico del planeta. Ya no queremos aparecer en los indicadores internacionales a la cola de los pa\u00edses desgarrados. Ya no queremos que nos sigan diciendo desde El Vaticano que \u201cen M\u00e9xico son preocupantes los fen\u00f3menos de corrupci\u00f3n, impunidad, infiltraci\u00f3n del narcotr\u00e1fico y del crimen organizado\u201d.<\/p>\n<p>No queremos que el p\u00e9simo ingreso por habitante siga cayendo en picada, hasta llegar a que nuestra capacidad real de compra se iguale al rango de Botsuana, el peque\u00f1o pa\u00eds africano al sur del Sahara, con dos millones de habitantes. Francamente vergonzoso.<\/p>\n<p>Ya no queremos seguir siendo miembros de la OCDE, ni que ya no nos quieran invitar al Foro Mundial de Davos y, en cambio, el llamado \u201cClub de los Pa\u00edses Ricos\u201d se\u00f1ale que, en cuanto a la distribuci\u00f3n del ingreso, el mejor pa\u00eds latinoamericano es Trinidad y Tobago que se califica en el sitial 61, mientras que M\u00e9xico est\u00e1 ocho casilleros atr\u00e1s.<\/p>\n<p>Que tanto el FMI como el Banco Mundial les entreguen el dinero a las castas depredadoras y en sus informes oficiales se conduelan de que en M\u00e9xico siguen ensanch\u00e1ndose las disparidades sociales y sigue aumentando la pobreza, la desesperaci\u00f3n y el hambre.<\/p>\n<p>\u00bfPara eso quieren seguir teniendo el poder AMLO, su \u201ccorcholata\u201d y los <em>amlovers<\/em>?<\/p>\n<p>\u00bfQueremos seguir siendo un pueblo que no reclama a los que elige? \u00bfLes alcanzar\u00e1n las sumatorias? \u00bfO, de plano, ya tienen listo el \u201ccuartelazo\u201d?<\/p>\n<p><strong>Indicios<\/strong><\/p>\n<p>El \u201cacarreo\u201d de Morena para hacer aparecer como multitudinarios, tumultuarios, los m\u00edtines de Claudia Sheinbaum lleg\u00f3 a su cl\u00edmax en su cierre de precampa\u00f1a llevado a cabo en la explanada del Monumento a la Revoluci\u00f3n. El mismo sitio en el que el malogrado <strong>Luis Donaldo Colosio<\/strong> retom\u00f3 aquella frase de <strong><em>El Maestro de Am\u00e9rica<\/em><\/strong>, <strong>Justo Sierra<\/strong>, \u201ctengo hambre y sed de justicia\u201d. El mismo desde donde dentro de exactamente un mes partir\u00e1 la Marcha por la Democracia convocada por organizaciones de la sociedad civil para protestar por la elecci\u00f3n de Estado \u2014o el \u201ccuartelazo\u201d \u2014 que preparan los cuatroteros. * * * \u201cHabr\u00e1 que preguntarle a la se\u00f1ora Sheinbaum qui\u00e9n (sic) es la empresa que est\u00e1 construyendo el Tren Interurbano. Por ah\u00ed se dice que es una empresa de Riob\u00f3o.\u201d Tal la declaraci\u00f3n, el martes, de X\u00f3chitl G\u00e1lvez, quien ya ten\u00eda la respuesta a la interrogante cuando la plante\u00f3. Porque, efectivamente, de acuerdo con el columnista de <strong><em>El Universal<\/em><\/strong> <strong>Mario Maldonado<\/strong>, entre las constructoras a las que, sin licitaci\u00f3n de por medio \u2014caracter\u00edstica corrupta de la 4T\u2014, les asign\u00f3 6 mil 475 millones de pesos de quienes pagamos impuestos \u201c\u2026 tambi\u00e9n est\u00e1 involucrado el Grupo Riob\u00f3o, de <strong>Jos\u00e9 Mar\u00eda Riob\u00f3o<\/strong>, responsable de los segundos pisos del Perif\u00e9rico durante el gobierno de Andr\u00e9s Manuel L\u00f3pez Obrador en la capital del pa\u00eds\u201d, mismos que supervis\u00f3 la ahora \u201ccorcholata\u201d y reserv\u00f3 la informaci\u00f3n para que no nos enter\u00e1ramos de los trastupijes. * * * Uno de los muchos esc\u00e1ndalos de corrupci\u00f3n, el primero que se conoci\u00f3, al menos, es el de Segalmex. La Fiscal\u00eda de <strong>Alejandro Gertz<\/strong> ha tenido tooodo el tiempo del mundo para fincar delitos a los responsables del desfalco que ya llega a los 20 mil millones de pesos. <strong>Ignacio Ovalle<\/strong>, el principal de todos ellos, sigue escondido por el propio AMLO en las cavernas burocr\u00e1ticas de la Secretar\u00eda de Gobernaci\u00f3n. Y ahora, por el trabajo mal hecho de la FGR, <strong>Ren\u00e9 Gavira Segreste<\/strong>, presunto implicado en el desfalco millonario causado en Segalmex, Diconsa y Liconsa, quien se entreg\u00f3 a las autoridades en diciembre pasado, acaba de obtener una suspensi\u00f3n definitiva contra vinculaci\u00f3n a proceso. \u00a1Tapaos los unos a los otros! * *\u00a8* Y por hoy es todo. Gracias por leer el <strong>\u00cdndice Pol\u00edtico<\/strong>. Le deseo, como siempre, \u00a1buenas gracias y muchos, muchos d\u00edas!<\/p>\n<p><em><u><a href=\"http:\/\/www.indicepolitico.com\" target=\"_blank\" rel=\"noopener noreferrer\">www.indicepolitico.com<\/a><\/u><u><br \/>\n<\/u><a href=\"mailto:indicepolitico@gmail.com\" target=\"_blank\" rel=\"noopener noreferrer\">indicepolitico@gmail.com<\/a><\/em><br \/>\n<em><a href=\"https:\/\/twitter.com\/indicepolitico?lang=es\" target=\"_blank\" rel=\"noopener noreferrer\">@IndicePolitico<\/a><\/em><br \/>\n<em><u><a href=\"https:\/\/twitter.com\/pacorodriguez\" target=\"_blank\" rel=\"noopener noreferrer\">@pacorodriguez<\/a><\/u><\/em><\/p>\n","protected":false},"excerpt":{"rendered":"<p><span style=\"color: #005497;\"><strong>Francisco Rodr\u00edguez<\/strong><\/span><\/p>\n","protected":false},"author":3,"featured_media":0,"comment_status":"open","ping_status":"open","sticky":false,"template":"","format":"standard","meta":{"_monsterinsights_skip_tracking":false,"_monsterinsights_sitenote_active":false,"_monsterinsights_sitenote_note":"","_monsterinsights_sitenote_category":0,"footnotes":""},"categories":[549],"tags":[43689,550,43674],"class_list":["post-607258","post","type-post","status-publish","format-standard","hentry","category-francisco-rodriguez","tag-francisco-rodriguez","tag-indice-politico","tag-opinion"],"_links":{"self":[{"href":"https:\/\/www.diarioimagen.net\/index.php?rest_route=\/wp\/v2\/posts\/607258","targetHints":{"allow":["GET"]}}],"collection":[{"href":"https:\/\/www.diarioimagen.net\/index.php?rest_route=\/wp\/v2\/posts"}],"about":[{"href":"https:\/\/www.diarioimagen.net\/index.php?rest_route=\/wp\/v2\/types\/post"}],"author":[{"embeddable":true,"href":"https:\/\/www.diarioimagen.net\/index.php?rest_route=\/wp\/v2\/users\/3"}],"replies":[{"embeddable":true,"href":"https:\/\/www.diarioimagen.net\/index.php?rest_route=%2Fwp%2Fv2%2Fcomments&post=607258"}],"version-history":[{"count":0,"href":"https:\/\/www.diarioimagen.net\/index.php?rest_route=\/wp\/v2\/posts\/607258\/revisions"}],"wp:attachment":[{"href":"https:\/\/www.diarioimagen.net\/index.php?rest_route=%2Fwp%2Fv2%2Fmedia&parent=607258"}],"wp:term":[{"taxonomy":"category","embeddable":true,"href":"https:\/\/www.diarioimagen.net\/index.php?rest_route=%2Fwp%2Fv2%2Fcategories&post=607258"},{"taxonomy":"post_tag","embeddable":true,"href":"https:\/\/www.diarioimagen.net\/index.php?rest_route=%2Fwp%2Fv2%2Ftags&post=607258"}],"curies":[{"name":"wp","href":"https:\/\/api.w.org\/{rel}","templated":true}]}}