{"id":607270,"date":"2024-01-19T00:12:04","date_gmt":"2024-01-19T06:12:04","guid":{"rendered":"https:\/\/www.diarioimagen.net\/?p=607270"},"modified":"2024-01-22T01:56:07","modified_gmt":"2024-01-22T07:56:07","slug":"amlo-acude-a-la-marrulleria-de-reformas-inviables-para-distraer-y-rescatar-a-claudia","status":"publish","type":"post","link":"https:\/\/www.diarioimagen.net\/?p=607270","title":{"rendered":"AMLO acude a la marruller\u00eda de reformas inviables para distraer y rescatar a Claudia"},"content":{"rendered":"<h2>Tras la puerta del poder<\/h2>\n<h5>Roberto Vizca\u00edno<\/h5>\n<p>&nbsp;<\/p>\n<p>Los hechos indican que el presidente <strong>Andr\u00e9s Manuel L\u00f3pez Obrador<\/strong> est\u00e1 verdaderamente alarmado, incluso podr\u00edamos hablar de que est\u00e1 <em>apanicado<\/em>.<\/p>\n<p>El tama\u00f1o, n\u00famero y alcance de sus planteamientos, anuncios o supuestas intenciones indican el nivel de su espanto.<\/p>\n<p>De repente, como suele suceder, se le vino el mundo encima: <strong>Carlos Loret<\/strong> y <strong>Latinus<\/strong> destaparon toda una red de complicidades entre sus 3 hijos mayores y amigos de estos, con gobernadores y otros funcionarios para aplicar contratos en directo, sin licitaci\u00f3n o supervisi\u00f3n alguna, para transferir cientos de millones de pesos al grupo, que los periodistas han nombrado <strong><em>El Clan<\/em><\/strong>.<\/p>\n<p>Adicionalmente le creci\u00f3 y consolid\u00f3 <strong>X\u00f3chitl G\u00e1lvez<\/strong> como una opci\u00f3n real y muy competitiva desde la oposici\u00f3n para sucederlo en Palacio, mientras que su candidata Claudia Sheinbaum con al menos 2 a\u00f1os y medio de campa\u00f1a, ya no crece ni conmueve a nadie. Sus eventos, planos, fr\u00edos, huecos, sin propuestas, requieren de cientos de millones de pesos en acarreos para realizar m\u00edtines sin mayor impacto electoral.<\/p>\n<p>Y por si todo lo anterior no fuese suficiente, el pa\u00eds arde en ejecuciones y violencia, ingobernabilidad que ya en algunas regiones parecen verdaderos levantamientos armados como es el caso de Acapulco, otras zonas de Guerrero y en Chiapas o Tamaulipas y el sur del Estado de M\u00e9xico y Michoac\u00e1n.<\/p>\n<p>En este contexto, con una nueva marcha ciudadana en curso organizada por su enemigo principal, <strong>Claudio X. Gonz\u00e1lez<\/strong>, en Defensa de la Democracia \u2014o sea en contra de \u00e9l\u2014 para fines de febrero, luego de que pase el D\u00eda de la Mujer, el mandatario ya no siente lo duro sino lo tupido.<\/p>\n<p>As\u00ed las cosas, hace una semana de la nada, sac\u00f3 que presentar\u00eda dos reformas constitucionales: una para aumentar las pensiones en el pa\u00eds al 100% y otra para garantizar que los salarios nunca est\u00e9n por debajo del nivel de la inflaci\u00f3n.<\/p>\n<p>Su anuncio si bien ocup\u00f3 algunos espacios noticiosos sobresalientes en diarios y noticiarios, no provoc\u00f3 mayor expectaci\u00f3n. Pocos, realmente muy pocos le hicieron el juego.<\/p>\n<p>Y es que medios y sectores han aprendido a analizar las perspectivas reales de los anuncios de <strong>AMLO<\/strong>.<\/p>\n<p>Pronto todos se dieron cuenta que el anuncio del presidente era puro cuento.<\/p>\n<p>Y lo es porque, para empezar, <strong>AMLO<\/strong> y sus aliados legislativos \u2014Morena. PT y Verde\u2014 no tienen el n\u00famero de votos para aprobar reformas constitucionales ni en el Senado ni en la C\u00e1mara de Diputados.<\/p>\n<p>Segundo, porque a esta legislatura s\u00f3lo le queda un periodo que va del primero de febrero al \u00faltimo de abril, per\u00edodo que se empalmar\u00e1 justamente con la campa\u00f1a presidencial y las del resto del pa\u00eds.<\/p>\n<p>O sea, no habr\u00e1 ninguna posibilidad de que sus reformas puedan negociarse y lograr acuerdos legislativos.<\/p>\n<p>Abrumado, rebasado por esta realidad, a inicios de esta semana AMLO, experto en manipulaci\u00f3n de masas, sali\u00f3 con que no s\u00f3lo van a ser 2 reformas constitucionales, sino 20 las que presentar\u00eda, entre otras, una para desaparecer instituciones y organismos aut\u00f3nomos.<\/p>\n<p>O sea, que si ya lo de las pensiones al 100% era en s\u00ed una locura absoluta, ahora lo de desaparecer instituciones y organismos aut\u00f3nomos es sencillamente impensable.<\/p>\n<p>Entre otros, el Banco de M\u00e9xico, la UNAM y otras universidades, y otras muchas como estas son instituciones aut\u00f3nomas integradas en un solo concepto constitucional.<\/p>\n<p>Insisto: <strong>AMLO<\/strong> no tiene ni tiempo \u2014el se va a fines de septiembre\u2014, ni votos suficientes en Senado y Diputados para aprobar reformas constitucionales \u2014y adem\u00e1s necesitar\u00eda realizar una gran negociaci\u00f3n con la oposici\u00f3n y explicar muy detalladamente a los mexicanos para hacer algo como lo que plantea\u2014, ni tiene plazo legislativo suficiente.<\/p>\n<p style=\"text-align: center;\"><strong>Quiere distraer y de paso salvar a Claudia<\/strong><\/p>\n<p>Es por dem\u00e1s obvio que con estos anuncios busca distraer, meter a los medios informativos en este debate sobre sus supuestas reformas y quitarle la atenci\u00f3n a todos los problemas que enfrentan sus hijos y \u00e9l por corrupci\u00f3n y abierto conflicto de inter\u00e9s; quitarle el foco a la nula y plena campa\u00f1a electoral de <strong>Claudia Sheinbaum<\/strong>; para que los medios y mexicanos no vean el crecimiento que ya presenta <strong>X\u00f3chitl G\u00e1lvez Ruiz<\/strong> y para disminuir el impacto de la violencia, inseguridad, ejecuciones, masacres, secuestros y enfrentamientos de carteles en una decena de regiones en el pa\u00eds.<\/p>\n<p style=\"text-align: center;\"><strong>Plenaria con Claudia y esfuerzo de di\u00e1logo<\/strong><\/p>\n<p>La senadora tlaxcalteca <strong>Ana Lilia Rivera<\/strong>, presidenta del Senado, consider\u00f3 que todo advierte en esta c\u00e1mara que una vez iniciado el \u00faltimo per\u00edodo legislativo de febrero a abril, vendr\u00e1n meses con una fuerte din\u00e1mica propositiva para fortalecer el di\u00e1logo parlamentario.<\/p>\n<p>Eso es lo que requerir\u00e1 la atenci\u00f3n de la agenda legislativa pendiente.<\/p>\n<p>Colateralmente el senador chiapaneco <strong>Eduardo Ram\u00edrez Aguilar<\/strong>, presidente de la Jucopo y coordinador de la mayor\u00eda de Morena en el Senado indic\u00f3 que ya trabaja en la realizaci\u00f3n de la Plenaria de Morena para el pr\u00f3ximo 31 de enero.<\/p>\n<p>De entrada este encuentro servir\u00e1 para un encuentro de <strong>Claudia Sheinbaum <\/strong>con la bancada de Morena en el Senado y abrir un di\u00e1logo informativo circular en el que los senadores presentar\u00e1n a la candidata presidencial del oficialismo las realizaciones alcanzadas en esta legislatura y los temas que se quedar\u00e1n pendientes para la siguiente legislatura.<\/p>\n<p>La plenaria recibir\u00e1 adem\u00e1s a <strong>Luisa Mar\u00eda Alcalde<\/strong>, titular de Gobernaci\u00f3n, y los secretarios de Educaci\u00f3n, <strong>Leticia Ram\u00edrez<\/strong>; de Salud, <strong>Jorge Alcocer y algunos m\u00e1s<\/strong>.<\/p>\n<p><em><a href=\"mailto:rvizcainoa@gmail.com\" target=\"_blank\" rel=\"noopener noreferrer\">vizcainoa@gmail.com<\/a><a href=\"mailto:rvizcainoa@gmail.com\" target=\"_blank\" rel=\"noopener noreferrer\"><br \/>\n<\/a><a href=\"http:\/\/endirecto.mx\" target=\"_blank\" rel=\"noopener noreferrer\">www.endirecto.mx<\/a><a href=\"mailto:rvizcainoa@gmail.com\" target=\"_blank\" rel=\"noopener noreferrer\"><br \/>\n<\/a><a href=\"https:\/\/twitter.com\/_rvizcaino\" target=\"_blank\" rel=\"noopener noreferrer\">@_RVizcaino<\/a><a href=\"mailto:rvizcainoa@gmail.com\" target=\"_blank\" rel=\"noopener noreferrer\"><br \/>\n<\/a><a href=\"https:\/\/www.facebook.com\/rvizcainoa\" target=\"_blank\" rel=\"noopener noreferrer\">facebook.com\/rvizcainoa<\/a><\/em><\/p>\n","protected":false},"excerpt":{"rendered":"<p><span style=\"color: #005497;\"><strong>Roberto Vizca\u00edno<\/strong><\/span><\/p>\n","protected":false},"author":3,"featured_media":0,"comment_status":"open","ping_status":"open","sticky":false,"template":"","format":"standard","meta":{"_monsterinsights_skip_tracking":false,"_monsterinsights_sitenote_active":false,"_monsterinsights_sitenote_note":"","_monsterinsights_sitenote_category":0,"footnotes":""},"categories":[136],"tags":[43674,93,94],"class_list":["post-607270","post","type-post","status-publish","format-standard","hentry","category-roberto-vizcaino-opinion","tag-opinion","tag-roberto-vizcaino","tag-tras-la-puerta-del-poder"],"_links":{"self":[{"href":"https:\/\/www.diarioimagen.net\/index.php?rest_route=\/wp\/v2\/posts\/607270","targetHints":{"allow":["GET"]}}],"collection":[{"href":"https:\/\/www.diarioimagen.net\/index.php?rest_route=\/wp\/v2\/posts"}],"about":[{"href":"https:\/\/www.diarioimagen.net\/index.php?rest_route=\/wp\/v2\/types\/post"}],"author":[{"embeddable":true,"href":"https:\/\/www.diarioimagen.net\/index.php?rest_route=\/wp\/v2\/users\/3"}],"replies":[{"embeddable":true,"href":"https:\/\/www.diarioimagen.net\/index.php?rest_route=%2Fwp%2Fv2%2Fcomments&post=607270"}],"version-history":[{"count":0,"href":"https:\/\/www.diarioimagen.net\/index.php?rest_route=\/wp\/v2\/posts\/607270\/revisions"}],"wp:attachment":[{"href":"https:\/\/www.diarioimagen.net\/index.php?rest_route=%2Fwp%2Fv2%2Fmedia&parent=607270"}],"wp:term":[{"taxonomy":"category","embeddable":true,"href":"https:\/\/www.diarioimagen.net\/index.php?rest_route=%2Fwp%2Fv2%2Fcategories&post=607270"},{"taxonomy":"post_tag","embeddable":true,"href":"https:\/\/www.diarioimagen.net\/index.php?rest_route=%2Fwp%2Fv2%2Ftags&post=607270"}],"curies":[{"name":"wp","href":"https:\/\/api.w.org\/{rel}","templated":true}]}}