{"id":607459,"date":"2024-01-22T00:13:51","date_gmt":"2024-01-22T06:13:51","guid":{"rendered":"https:\/\/www.diarioimagen.net\/?p=607459"},"modified":"2024-01-22T01:38:37","modified_gmt":"2024-01-22T07:38:37","slug":"en-estos-dias","status":"publish","type":"post","link":"https:\/\/www.diarioimagen.net\/?p=607459","title":{"rendered":"En estos d\u00edas"},"content":{"rendered":"<h2>Se comenta s\u00f3lo con\u2026<\/h2>\n<h5>Carlos Ramos Padilla<\/h5>\n<p>&nbsp;<\/p>\n<p>En estos d\u00edas se han dado dos avisos, advertencias, muy graves y peligrosas. Vamos, nos las est\u00e1n cantando. La primera se\u00f1al: la alcaldesa de Manzanillo, Colima, Griselda Mart\u00ednez Mart\u00ednez, acus\u00f3 que fue expulsada de Morena por denunciar la presencia del narco en eventos de Claudia Sheinbaum.<\/p>\n<p>Varios integrantes del crimen organizado han sido vistos en eventos de la aspirante presidencial. Es decir, esto se suma al hecho de que el Presidente visita en distintas ocasiones Badiraguato, se entrevistaba con la madre de Joaqu\u00edn Guzm\u00e1n Loera y a este personaje le ofrec\u00eda disculpas por decirle p\u00fablicamente \u201cEl Chapo\u201d.<\/p>\n<p>Hay quienes, incluso, confirman que en Estados Unidos se acumulan las indagatorias acerca del financiamiento de campa\u00f1as electorales de Morena por parte del crimen organizado e involucran el nombre de Mario Delgado, dirigente nacional del partido.<\/p>\n<p>Por si fuera poco, el asesinato en Ecuador del candidato presidencial, Fernando Villavicencio, se\u00f1ala directamente a los c\u00e1rteles mexicanos y empa\u00f1a la imagen del gobierno mexicano.<\/p>\n<p>El premio diplom\u00e1tico concedido a Quirino Ordaz en Espa\u00f1a como embajador deja en nuestro pa\u00eds un rosario de preguntas, ya que siendo gobernador de Sinaloa particip\u00f3 de las reuniones del presidente con la familia Guzm\u00e1n.<\/p>\n<p>La segunda se\u00f1al: Luciano Concheiro, subsecretario de Educaci\u00f3n Superior del gobierno, presume abiertamente que \u201chay que festejar al comunismo\u201d durante un foro en el Colegio Nacional. \u201cDEBEMOS PROPONERNOS EL COMUNISMO COMO SOCIEDAD EMANCIPADA DE LA EXPLOTACI\u00d3N DEL SER HUMANO\u201d destac\u00f3 este llamado ide\u00f3logo de confianza de AMLO. \u2026al avance de la noche neoliberal, festejar el comunismo desde nuestro pa\u00eds nos parece esencial en este momento\u2026\u201d as\u00ed de claras est\u00e1n las cosas. Ya es tarea de nosotros asimilarlas, aprobarlas o rechazarlas.<\/p>\n<p><a href=\"https:\/\/twitter.com\/cramospadilla?ref_src=twsrc%5Egoogle%7Ctwcamp%5Eserp%7Ctwgr%5Eauthor\" target=\"_blank\" rel=\"noopener\"><em>@cramospadilla<\/em><\/a><\/p>\n","protected":false},"excerpt":{"rendered":"<p><span style=\"color: #005497;\"><strong>Carlos Ramos Padilla<\/strong><\/span><\/p>\n","protected":false},"author":3,"featured_media":0,"comment_status":"open","ping_status":"open","sticky":false,"template":"","format":"standard","meta":{"_monsterinsights_skip_tracking":false,"_monsterinsights_sitenote_active":false,"_monsterinsights_sitenote_note":"","_monsterinsights_sitenote_category":0,"footnotes":""},"categories":[97109],"tags":[97108,43674,97107],"class_list":["post-607459","post","type-post","status-publish","format-standard","hentry","category-carlos-ramos-padilla","tag-carlos-ramos-padilla","tag-opinion","tag-se-comenta-solo-con"],"_links":{"self":[{"href":"https:\/\/www.diarioimagen.net\/index.php?rest_route=\/wp\/v2\/posts\/607459","targetHints":{"allow":["GET"]}}],"collection":[{"href":"https:\/\/www.diarioimagen.net\/index.php?rest_route=\/wp\/v2\/posts"}],"about":[{"href":"https:\/\/www.diarioimagen.net\/index.php?rest_route=\/wp\/v2\/types\/post"}],"author":[{"embeddable":true,"href":"https:\/\/www.diarioimagen.net\/index.php?rest_route=\/wp\/v2\/users\/3"}],"replies":[{"embeddable":true,"href":"https:\/\/www.diarioimagen.net\/index.php?rest_route=%2Fwp%2Fv2%2Fcomments&post=607459"}],"version-history":[{"count":0,"href":"https:\/\/www.diarioimagen.net\/index.php?rest_route=\/wp\/v2\/posts\/607459\/revisions"}],"wp:attachment":[{"href":"https:\/\/www.diarioimagen.net\/index.php?rest_route=%2Fwp%2Fv2%2Fmedia&parent=607459"}],"wp:term":[{"taxonomy":"category","embeddable":true,"href":"https:\/\/www.diarioimagen.net\/index.php?rest_route=%2Fwp%2Fv2%2Fcategories&post=607459"},{"taxonomy":"post_tag","embeddable":true,"href":"https:\/\/www.diarioimagen.net\/index.php?rest_route=%2Fwp%2Fv2%2Ftags&post=607459"}],"curies":[{"name":"wp","href":"https:\/\/api.w.org\/{rel}","templated":true}]}}