{"id":607461,"date":"2024-01-22T00:03:47","date_gmt":"2024-01-22T06:03:47","guid":{"rendered":"https:\/\/www.diarioimagen.net\/?p=607461"},"modified":"2024-01-22T01:39:43","modified_gmt":"2024-01-22T07:39:43","slug":"regresa-montiel-y-reverdece-eruviel","status":"publish","type":"post","link":"https:\/\/www.diarioimagen.net\/?p=607461","title":{"rendered":"Regresa Montiel y reverdece Eruviel"},"content":{"rendered":"<h2>Espacio Electoral<\/h2>\n<h5>Eleazar Flores<\/h5>\n<p>&nbsp;<\/p>\n<p><strong>DE HECHO NO SE HA IDO-.<\/strong> De hecho, el ex gobernador Arturo Montiel jam\u00e1s se ha retirado de la pol\u00edtica y no s\u00f3lo por el arribo de la nueva presidenta del PRI estatal, Ana Lilia Herrera Anzaldo, sino por la propuesta de Karla Cort\u00e9s de Montiel Rojas \u2014su actual esposa\u2014 como candidata a diputada federal.<\/p>\n<p>Otra presencia inmanente del ex gobernador es el actual diputado federal Miguel S\u00e1mano Peralta, que \u201cpa\u00b4variar un poco\u201d, tampoco ha dejado de fungir como legislador, federal o local, plurinominal preferentemente para no exponerlo a una derrota, por el PRI y tambi\u00e9n por el Partido Verde, igual que lo hace ahora el ex insurrecto partidista de Ecatepec, Eruviel \u00c1vila.<\/p>\n<p>Otro que tampoco se ha ido de la pol\u00edtica \u2014s\u00ed del PRI\u2014 es el otro ex gobernador y tambi\u00e9n ex alcalde de Ecatepec, quien orondo y estrenando imagen, pues seguro la ocasi\u00f3n lo merec\u00eda, sin una cana y ni una arruga se pasa al Partido Verde, para buscar una senadur\u00eda, esca\u00f1o que aun ocupa con los colores del PRI, por lo que ser\u00eda conveniente que aspirante, partidos e INE aclararan si es REELECCI\u00d3N o no.<\/p>\n<p>Orondo Eruviel, pues en lo absoluto le preocupa el que al finalizar su administraci\u00f3n, y a\u00fan a la fecha, se denuncian innumerables obras inconclusas durante su gobierno, pero no pasa nada.<\/p>\n<p>Ambos, candidata a diputada federal y ex priista hoy ecologista, seguro van en caballo de hacienda, pues se ve dif\u00edcil que la presidenta del PRI mexiquense, Ana Lilia Herrera Anzaldo, borre a la aspirante Karla Cort\u00e9s de Montiel Rojas de las listas tricolores; y en cuanto a Eruviel, el otro ex priista hoy ecologista menos, luego de considerar como su HERMANO a Manuel Velasco, gracias a quien hoy pasa de rojo a verde, as\u00ed de f\u00e1cil.<\/p>\n<p>Conocidos algunos antecedentes m\u00ednimos se llega a la conclusi\u00f3n de que en terreno mexiquense como en casi todo el territorio nacional y con el concurso de los partidos pol\u00edticos de todos los colores, el RECICLAJE viene convirti\u00e9ndose en una rutina.<\/p>\n<p>Ser\u00e1 cuesti\u00f3n de apoyarse con lupa para monitorear si de entre las miles de candidaturas a senadores, diputaciones federales y locales as\u00ed como a presidencias municipales, se encontrar\u00e1n a candidatos\u2014as j\u00f3venes, pero tambi\u00e9n de mujeres y sobre todo con candidaturas propietarias pues de las suplentes van a sobrar.<\/p>\n<p>Pareciera cosa menor el caso de Eruviel \u00c1vila, pues en este momento es senador de la Rep\u00fablica, pasando a segundo t\u00e9rmino el partido por el que quiera ser identificado, pues la importancia estriba en que si va por una candidatura o de plano por la reelecci\u00f3n, cuya dilucidaci\u00f3n la deber\u00e1n precisar puntualmente PRI y PVEM.<\/p>\n<p><em><a href=\"mailto:elefa44@gmail.com\" target=\"_blank\" rel=\"noopener noreferrer\">elefa44@gmail.com<\/a><\/em><\/p>\n","protected":false},"excerpt":{"rendered":"<p><span style=\"color: #005497;\"><strong>Eleazar Flores<\/strong><\/span><\/p>\n","protected":false},"author":3,"featured_media":0,"comment_status":"open","ping_status":"open","sticky":false,"template":"","format":"standard","meta":{"_monsterinsights_skip_tracking":false,"_monsterinsights_sitenote_active":false,"_monsterinsights_sitenote_note":"","_monsterinsights_sitenote_category":0,"footnotes":""},"categories":[81743],"tags":[81744,81776,43674],"class_list":["post-607461","post","type-post","status-publish","format-standard","hentry","category-eleazar-flores","tag-eleazar-flores","tag-espacio-electoral","tag-opinion"],"_links":{"self":[{"href":"https:\/\/www.diarioimagen.net\/index.php?rest_route=\/wp\/v2\/posts\/607461","targetHints":{"allow":["GET"]}}],"collection":[{"href":"https:\/\/www.diarioimagen.net\/index.php?rest_route=\/wp\/v2\/posts"}],"about":[{"href":"https:\/\/www.diarioimagen.net\/index.php?rest_route=\/wp\/v2\/types\/post"}],"author":[{"embeddable":true,"href":"https:\/\/www.diarioimagen.net\/index.php?rest_route=\/wp\/v2\/users\/3"}],"replies":[{"embeddable":true,"href":"https:\/\/www.diarioimagen.net\/index.php?rest_route=%2Fwp%2Fv2%2Fcomments&post=607461"}],"version-history":[{"count":0,"href":"https:\/\/www.diarioimagen.net\/index.php?rest_route=\/wp\/v2\/posts\/607461\/revisions"}],"wp:attachment":[{"href":"https:\/\/www.diarioimagen.net\/index.php?rest_route=%2Fwp%2Fv2%2Fmedia&parent=607461"}],"wp:term":[{"taxonomy":"category","embeddable":true,"href":"https:\/\/www.diarioimagen.net\/index.php?rest_route=%2Fwp%2Fv2%2Fcategories&post=607461"},{"taxonomy":"post_tag","embeddable":true,"href":"https:\/\/www.diarioimagen.net\/index.php?rest_route=%2Fwp%2Fv2%2Ftags&post=607461"}],"curies":[{"name":"wp","href":"https:\/\/api.w.org\/{rel}","templated":true}]}}