{"id":607463,"date":"2024-01-22T00:11:39","date_gmt":"2024-01-22T06:11:39","guid":{"rendered":"https:\/\/www.diarioimagen.net\/?p=607463"},"modified":"2024-01-22T01:42:13","modified_gmt":"2024-01-22T07:42:13","slug":"amlo-censura-a-los-periodistas","status":"publish","type":"post","link":"https:\/\/www.diarioimagen.net\/?p=607463","title":{"rendered":"AMLO: censura a los periodistas"},"content":{"rendered":"<h2>\u00cdndice pol\u00edtico<\/h2>\n<h5>Francisco Rodr\u00edguez<\/h5>\n<p>&nbsp;<\/p>\n<p>Los intelectuales de huarache, acompa\u00f1ados en la aventura cuatrotera por periodistas ignorantes y youtuberos a\u00fan m\u00e1s ignaros y zafios, pero, eso s\u00ed, muy ambiciosos, se han impuesto en este sexenio para cantar loas a <strong>Andr\u00e9s Manuel L\u00f3pez Obrador<\/strong>.<\/p>\n<p>Cientos, tal vez millones de nuestros bolsillos han sido destinados a satisfacer los caprichos del dictadorzuelo. Modos de vida ostentosos, igualas exageradas para los genuflexos, el mundo al rev\u00e9s.<\/p>\n<p>Honores inmerecidos, gastos pagados por publirrelacionistas que llevan tambi\u00e9n su comisi\u00f3n o \u201cmoche\u201d en los estipendios. Jauja para indolentes.<\/p>\n<p>Grupitos y catervas de descastados que opinan de todo y de nada en el nuevo diario <strong><em>El Nacional<\/em><\/strong>, ahora denominado <strong><em>La Jornada<\/em><\/strong>. La 4T los glorific\u00f3 porque, en esencia, son gusanos de la misma guayaba.<\/p>\n<p>Pontifican sobre las bondades de las obras elefanti\u00e1sicas ya inauguradas e inservibles, los apoyos electoreros a los miserables, lo atinado que es el \u201ccorcholatazo\u201d de <strong>Claudia Sheinbaum <\/strong>con su segundo piso a esta maldici\u00f3n, el entreguismo rampante a Cuba, Venezuela, Rusia&#8230;<\/p>\n<p>Jam\u00e1s mencionan en p\u00fablico las palabras corrupci\u00f3n, insalubridad, crimen organizado y protegido desde el poder, analfabetismo, miseria y todas esas cosas que ofenden el buen gusto del \u201ccaudillo\u201d. Mucho menos los tres vocablos \u201chijos de AMLO\u201d.<\/p>\n<p>Son una mezcla de frivolidad, poses, voces engoladas, posturas de culiempinamiento, procacidades sociales y abyecciones de todo tipo. Quienes quieran figurar tienen que pasar por esas b\u00e1sculas. Si no lo hacen quedan confinados a la oscuridad, a la falta de reflectores para resplandecer.<\/p>\n<p>El verdadero problema de esa prensa vendida es que hay cosas que ya no pueden resolverse ni con embutes. El hast\u00edo y la desconfianza hacia quienes han abusado de la opini\u00f3n p\u00fablica ha llegado a un umbral dif\u00edcil de traducir para quienes piden el apoyo de la conciencia nacional. Por ah\u00ed definitivamente no es.<\/p>\n<p>Los sobrevalorados h\u00e9roes de la (des)informaci\u00f3n cuatrotera forman una llaga purulenta, representan un impacto tumefacto a la cabeza. Y es que cada vez que son galardonados por cofrad\u00edas de elogios mutuos no tocan los problemas reales de la sociedad, provocados o incrementados por L\u00f3pez Obrador.<\/p>\n<p>Jam\u00e1s se les oye criticar en directo los enormes vac\u00edos de legalidad, los rastros del crimen colectivo, la usurpaci\u00f3n del poder, la rapi\u00f1a de los gobiern\u00edcolas. S\u00f3lo prosas blandengues, m\u00fasica para las orejas del poderoso, porque jam\u00e1s se refirieron uno y otro a las grandes ofensas del narcotr\u00e1fico institucional\u2026<\/p>\n<p>\u2026 a la especulaci\u00f3n financiera, al destino de la riqueza colectiva, a la explotaci\u00f3n irracional del petr\u00f3leo con la consecuente quiebra de Pemex. Son los dioses del Olimpo en este rancho grandote. Y es l\u00f3gico: una casta de ignorantes en el poder\u2026<\/p>\n<p>\u2026 no pod\u00eda tener sino a una manada de abanderados intelectuales y supuestos l\u00edderes de opini\u00f3n que se han ganado a pulso la desconfianza, el hartazgo y la repulsa de casi toda la sociedad, o su inmensa mayor\u00eda, por decir lo menos.<\/p>\n<p>Para su desgracia, ha llegado la hora de hacer una revisi\u00f3n de \u00e9sos cuya fortuna no es explicable a la luz de alg\u00fan trabajo real. \u00bfQu\u00e9 hemos hecho los mexicanos para tener que cargar sobre nuestras espaldas a estos antih\u00e9roes civiles?<\/p>\n<p>\u00bfHasta qu\u00e9 nivel de impudicia y desverg\u00fcenza est\u00e1n dispuestos a llegar estos sujetos que han abusado de la condici\u00f3n miserable y de la indefensi\u00f3n ciudadana, protegidos por la falta de una contralor\u00eda horizontal, ciudadana, que rescate un poco de nuestra dignidad pisoteada?<\/p>\n<p>Exhibirlos es lo de menos, \u00bfno cree usted?<\/p>\n<p style=\"text-align: center;\"><strong>Y ahora no tolera las cr\u00edticas<\/strong><\/p>\n<p>F\u00e9rreo y lapidario; con o sin raz\u00f3n, AMLO siempre critica, incluso ofende a sus opositores. Los agrede, los acusa de ser corruptos. Su frase \u201cla mafia del poder\u201d fue parte de su campa\u00f1a de desprestigio que practic\u00f3 por muchos a\u00f1os.<\/p>\n<p>Que, a poco \u00bfya no recuerdan aquello de \u201cpuercos, cochinos, marranos\u201d?<\/p>\n<p>As\u00ed fue el candidato que hoy es Presidente de la Rep\u00fablica, quien hoy se muestra intolerante ante la cr\u00edtica, pero sigue insultando, ofendiendo e inventando embustes en contra de quienes lo exhiben o lo critican.<\/p>\n<p>Peor todav\u00eda, no soporta ni que lo corrijan, desmiente y miente a placer con tal de tener la raz\u00f3n. A su misma gente la refuta y la corrige. Todos est\u00e1n mal cuando la opini\u00f3n que vierten no avala lo dicho por L\u00f3pez Obrador.<\/p>\n<p>Se ha convertido a s\u00ed mismo en due\u00f1o de la verdad absoluta y no es capaz de rectificar los errores, los embustes, que a diario salen de \u201csu ronco pecho\u201d.<\/p>\n<p>De todas las cr\u00edticas culpa a sus supuestos detractores permanentes: los conservadores, los fif\u00eds, los adversarios quienes, dice, orquestan campa\u00f1as en su contra. Ve \u201cmoros con tranchetes\u201d.<\/p>\n<p>No acepta errores, y quien osa censurarlo es atacado con la fuerza medi\u00e1tica presidencial, abusando del poder p\u00fablico y de los recursos del erario para acrecentar sus rencillas personales.<\/p>\n<p>Combate \u201cfantasmas\u201d como parte de su permanente campa\u00f1a medi\u00e1tica en contra de los neoliberales o conservadores para tenerlos \u201ca raya\u201d, seg\u00fan \u00e9l, pretendiendo evitar que se descubra la verdad.<\/p>\n<p>Miente constantemente el Presidente \u00a1Su peor pesadilla! De ah\u00ed que tenga que defender no solo sus mentiras, tambi\u00e9n sus errores e incapacidades para gobernar.<\/p>\n<p>Y ahora, todo as\u00ed lo indica, la censura presidencial cay\u00f3 sobre <strong>Azucena Uresti<\/strong> quien el viernes transmiti\u00f3 por \u00faltima vez su noticiero en <strong>Milenio Televisi\u00f3n<\/strong>.<\/p>\n<p>\u00bfSabe usted por qu\u00e9?<\/p>\n<p>Pues por narrar con pelos y se\u00f1ales la realidad nacional que es muy distinta a la que a diario expone el dictador y a la cual cantan loas sus corifeos.<\/p>\n<p>Lo dicho: el mundo al rev\u00e9s.<\/p>\n<p style=\"text-align: center;\"><strong>Indicios<\/strong><\/p>\n<p>\u00a1Y a \u00e9l que lo bolseen! AMLO se cur\u00f3 en salud y el s\u00e1bado, en medio del esc\u00e1ndalo por la salida de Azucena Uresti de su noticiero en televisi\u00f3n, interrumpi\u00f3 un discurso en el que se auto elogiaba por los llamados programas del Bienestar y solt\u00f3: \u201cNunca me atrever\u00eda, no lo he hecho nunca en mi vida, a hablarle al due\u00f1o de un medio de comunicaci\u00f3n para que censure a un periodista\u201d. \u00bfLe c\u00e1i, se\u00f1or Presidente? Estamos ya tan acostumbrados a las mentiras y al autoritarismo de L\u00f3pez Obrador que resulta muy dif\u00edcil creerle. * * * Periodistas sin Fronteras ha informado que M\u00e9xico fue el segundo pa\u00eds m\u00e1s peligroso para el periodismo en 2023, despu\u00e9s de Palestina, y por delante de naciones como Afganist\u00e1n, Bangladesh y L\u00edbano, debido a que entre el 1 de enero y el 1 de diciembre de 2023, ocurrieron cuatro asesinatos de comunicadores en nuestro territorio. En buena medida, ello se debe a las diatribas diarias de AMLO en sus matin\u00e9s. No hay d\u00eda en el cual no ataque a un periodista, a dos, a tres\u2026 * * * No es la primera ocasi\u00f3n en la que Grupo Milenio despide u orilla a renunciar a periodistas serios, profesionales. <strong>Raymundo Riva Palacio, Ciro G\u00f3mez Leyva <\/strong>\u2014cuyo atentado sigue sin aclararse\u2014, del grupo de los fundadores del medio, se cuentan entre las primeras v\u00edctimas de la regiomontana familia Gonz\u00e1lez, uno de cuyos miembros es visitante frecuente de Palacio Nacional. * * * Recuento de un sexenio de obras fara\u00f3nicas inconclusas que nos han costado un ojo de la cara y que han dejado sin recursos a los servicios de salud, a la infraestructura escolar, al mantenimiento de instalaciones que hasta antes de 2018 s\u00ed funcionaban, etc.: aeropuertos como el AIFA o el de Tulum que apenas reciben unos cuantos aviones; un Tren Maya que no es puntual en sus salidas y llegadas, y que falla a cada momento y deja a quienes se atreven a abordarlo varados durante horas; una refiner\u00eda como la Olmeca que se inunda tras un chubasco y que a\u00fan no refina ni un decilitro de gasolina. Quiz\u00e1 el ferrocarril trans\u00edstmico \u2014que es construido a instancias del gobierno de Estados Unidos, ante el congestionamiento del Canal de Panam\u00e1\u2014 sea la \u00fanica plausible en alg\u00fan momento. En todas, eso s\u00ed, est\u00e1 presente la corrupci\u00f3n de \u201clos amigos de los hijos de AMLO\u201d y hasta de los militares. * * * <strong>Lenia Batres<\/strong> deposit\u00f3 82 mil 963 pesos a la cuenta bancaria de la Tesorer\u00eda de la Federaci\u00f3n por concepto de \u201cexcedentes\u201d en su remuneraci\u00f3n como \u201cministra del Presidente\u201d en la Suprema Corte, correspondiente a las quincenas del 15 al 31 de diciembre de 2023 y del primero al 15 de enero del 2024, incluyendo aguinaldo. \u00bfAguinaldo? Si apenas tom\u00f3 posesi\u00f3n a principios de este 2024. Falta ver si <strong>Yasm\u00edn Esquivel<\/strong> y <strong>Loretta Ortiz<\/strong>, que tambi\u00e9n obedecen ciegamente la l\u00ednea del Ejecutivo Federal, siguen el ejemplo. * * * Y por hoy es todo. Reconozco que haya le\u00eddo hasta aqu\u00ed. Y, como siempre, le deseo \u00a1buenas gracias y muchos, muchos d\u00edas!<\/p>\n<p><em><u><a href=\"http:\/\/www.indicepolitico.com\" target=\"_blank\" rel=\"noopener noreferrer\">www.indicepolitico.com<\/a><\/u><u><br \/>\n<\/u><a href=\"mailto:indicepolitico@gmail.com\" target=\"_blank\" rel=\"noopener noreferrer\">indicepolitico@gmail.com<\/a><\/em><br \/>\n<em><a href=\"https:\/\/twitter.com\/indicepolitico?lang=es\" target=\"_blank\" rel=\"noopener noreferrer\">@IndicePolitico<\/a><\/em><br \/>\n<em><u><a href=\"https:\/\/twitter.com\/pacorodriguez\" target=\"_blank\" rel=\"noopener noreferrer\">@pacorodriguez<\/a><\/u><\/em><\/p>\n","protected":false},"excerpt":{"rendered":"<p><span style=\"color: #005497;\"><strong>Francisco Rodr\u00edguez<\/strong><\/span><\/p>\n","protected":false},"author":3,"featured_media":0,"comment_status":"open","ping_status":"open","sticky":false,"template":"","format":"standard","meta":{"_monsterinsights_skip_tracking":false,"_monsterinsights_sitenote_active":false,"_monsterinsights_sitenote_note":"","_monsterinsights_sitenote_category":0,"footnotes":""},"categories":[549],"tags":[43689,550,43674],"class_list":["post-607463","post","type-post","status-publish","format-standard","hentry","category-francisco-rodriguez","tag-francisco-rodriguez","tag-indice-politico","tag-opinion"],"_links":{"self":[{"href":"https:\/\/www.diarioimagen.net\/index.php?rest_route=\/wp\/v2\/posts\/607463","targetHints":{"allow":["GET"]}}],"collection":[{"href":"https:\/\/www.diarioimagen.net\/index.php?rest_route=\/wp\/v2\/posts"}],"about":[{"href":"https:\/\/www.diarioimagen.net\/index.php?rest_route=\/wp\/v2\/types\/post"}],"author":[{"embeddable":true,"href":"https:\/\/www.diarioimagen.net\/index.php?rest_route=\/wp\/v2\/users\/3"}],"replies":[{"embeddable":true,"href":"https:\/\/www.diarioimagen.net\/index.php?rest_route=%2Fwp%2Fv2%2Fcomments&post=607463"}],"version-history":[{"count":0,"href":"https:\/\/www.diarioimagen.net\/index.php?rest_route=\/wp\/v2\/posts\/607463\/revisions"}],"wp:attachment":[{"href":"https:\/\/www.diarioimagen.net\/index.php?rest_route=%2Fwp%2Fv2%2Fmedia&parent=607463"}],"wp:term":[{"taxonomy":"category","embeddable":true,"href":"https:\/\/www.diarioimagen.net\/index.php?rest_route=%2Fwp%2Fv2%2Fcategories&post=607463"},{"taxonomy":"post_tag","embeddable":true,"href":"https:\/\/www.diarioimagen.net\/index.php?rest_route=%2Fwp%2Fv2%2Ftags&post=607463"}],"curies":[{"name":"wp","href":"https:\/\/api.w.org\/{rel}","templated":true}]}}