{"id":607475,"date":"2024-01-22T00:15:17","date_gmt":"2024-01-22T06:15:17","guid":{"rendered":"https:\/\/www.diarioimagen.net\/?p=607475"},"modified":"2024-01-22T01:49:52","modified_gmt":"2024-01-22T07:49:52","slug":"la-misma-galeria-de-santos-laicos","status":"publish","type":"post","link":"https:\/\/www.diarioimagen.net\/?p=607475","title":{"rendered":"La misma galer\u00eda de santos laicos"},"content":{"rendered":"<h2>Por la Derecha..!<\/h2>\n<h5>Luis \u00c1ngel Garc\u00eda<\/h5>\n<p>&nbsp;<\/p>\n<p>Dicen que no son iguales, pero act\u00faan como lo marca su ADN; los de la 4T son priistas de cepa. En el discurso de cierre de precampa\u00f1a de la \u201ccorcholata\u201d mayor, Claudia \u2014quien dice que no es una calca de su tlatoani y que no repite la desgastada, pero efectiva, narrativa de Palacio Nacional\u2014, demostr\u00f3 que, a pesar de su pasado izquierdoso, es digna heredera del nacionalismo revolucionario de los nietos de Plutarco El\u00edas Calles. Por momentos, hizo recordar las encendidas intervenciones del \u00faltimo secretario de Gobernaci\u00f3n de seis a\u00f1os, Manuel Bartlett, quien tambi\u00e9n defend\u00eda al Movimiento Social de 1910, a diferencia de Carlos Salinas de Gortari, quien mand\u00f3 al ostracismo a la Revoluci\u00f3n Mexicana.<\/p>\n<p>La ex jefa de Gobierno se envolvi\u00f3 en el l\u00e1baro patrio para remarcar que tambi\u00e9n ella era heredera de Hidalgo, Morelos, Leona Vicario, Josefa Ortiz de Dom\u00ednguez, Benito Ju\u00e1rez, Madero, Villa, Zapata, Carrillo Puerto, L\u00e1zaro C\u00e1rdenas, M\u00fajica. Para no desentonar con la corriente ideol\u00f3gica de la 4T, agreg\u00f3 a Felipe \u00c1ngeles y los Flores Mag\u00f3n, am\u00e9n de las \u201cadelitas\u201d \u2014debi\u00f3 evocar tambi\u00e9n a los \u201cjuanitos\u201d\u2014. Como cereza del pastel y con el nieto del general Marcelino Garc\u00eda Barrag\u00e1n \u2014a quien se le atribuye la autor\u00eda de la matanza del 2 de octubre\u2014, siendo parte del back, Omar Garc\u00eda Harfuch, se dijo heredera tambi\u00e9n de los estudiantes de 1968. \u00bfPues no que no eran iguales?<\/p>\n<p>En su arrebato patriotero tild\u00f3 de \u00a1neoliberales! a Iturbide, Santa Anna, Maximiliano y Porfirio D\u00edaz. Personajes del siglo XIX que, seg\u00fan la ex alcaldesa en Tlalpan, ya encarnaban la mal llamada pol\u00edtica econ\u00f3mica del siglo XX. Todos los conservadores tienen algo de rescatable e incluso en algunos casos fueron m\u00e1s patriotas que muchas liberales veletas. \u00bfQu\u00e9 hubiera sido de Ju\u00e1rez sin la espada de D\u00edaz? Nadie ha rendido m\u00e1s tributo al Benem\u00e9rito que el h\u00e9roe de la batalla del 2 de abril. Lo perdi\u00f3 su ambici\u00f3n de poder, misma megaloman\u00eda que padecen hoy los pol\u00edticos de la 4T. A diferencia del oriundo de la ciudad de Oaxaca, al de Guelatao y a los morenistas los pierde el poder por el poder mismo.<\/p>\n<p>Dicen que no son iguales, pero resaltan a los id\u00e9nticos santos laicos que utilizaron los priistas para legitimar el nacionalismo revolucionario que proclaman los tricolores desde, al menos, Miguel Alem\u00e1n hasta el odiado Salinas de Gortari. No son iguales, son peores, ya que los herederos del general Calles no se abrogaron la autor\u00eda de haber acabado con la guerra en Vietnam ni elevaron, como la perredista Patricia Ruiz Anchondo, a John Lennon al pedestal de h\u00e9roe nacional.<\/p>\n<p>La intervenci\u00f3n de la \u201ccorcholata\u201d mayor s\u00f3lo demuestra que Morena no ha aportado nada a la historia de este pa\u00eds y que para justificar un falso populismo, recurren a la misma galer\u00eda de santos laicos que los corruptos priistas. \u00bfqu\u00e9 habr\u00e1 pensado Omar Garc\u00eda, quien segundos antes hab\u00eda aplaudido la arenga de su jefa y protectora, cuando Claudia hizo suyo el reclamo por la represi\u00f3n gubernamental de que fueron objeto los estudiantes en Tlatelolco, del bazucazo a la puerta de la Prepa 1 y la marcha del silencio que encabez\u00f3 el entonces rector Javier Barros Sierra, momentos hist\u00f3ricos de una sociedad que exig\u00eda m\u00e1s democracia y que fue reprimida por los militares al mando del abuelo del ex secretario de Seguridad Ciudadana de la CDMX?<\/p>\n<p>Esas contradicciones son las que pierden a los cuatroteros, quien todav\u00eda lloran la no ratificaci\u00f3n de su fiscal carnal. Hablan de la supuesta corrupci\u00f3n de los panistas en Benito Ju\u00e1rez, pero esconden el uso faccioso de la justicia que caracteriz\u00f3 a Ernestina Godoy para perseguir a los opositores y encubrir a los aliados de su gobierno. \u00bfNo es tambi\u00e9n corrupci\u00f3n el ejercer un cargo sin reunir los requisitos que marca la ley?<\/p>\n<p>As\u00ed que no hubo nada nuevo en la intervenci\u00f3n patriotera de Claudia; fallaron sus escribanos que s\u00f3lo pudieron fusilarse los mismos discursos de Manuel Bartlett, Miguel de la Madrid o Carlos Salinas de Gortari.<\/p>\n","protected":false},"excerpt":{"rendered":"<p><span style=\"color: #005497;\"><strong>Luis \u00c1ngel Garc\u00eda<\/strong><\/span><\/p>\n","protected":false},"author":3,"featured_media":0,"comment_status":"open","ping_status":"open","sticky":false,"template":"","format":"standard","meta":{"_monsterinsights_skip_tracking":false,"_monsterinsights_sitenote_active":false,"_monsterinsights_sitenote_note":"","_monsterinsights_sitenote_category":0,"footnotes":""},"categories":[92115],"tags":[92117,43674,92116],"class_list":["post-607475","post","type-post","status-publish","format-standard","hentry","category-luis-angel-garcia","tag-luis-angel-garcia","tag-opinion","tag-por-la-derecha"],"_links":{"self":[{"href":"https:\/\/www.diarioimagen.net\/index.php?rest_route=\/wp\/v2\/posts\/607475","targetHints":{"allow":["GET"]}}],"collection":[{"href":"https:\/\/www.diarioimagen.net\/index.php?rest_route=\/wp\/v2\/posts"}],"about":[{"href":"https:\/\/www.diarioimagen.net\/index.php?rest_route=\/wp\/v2\/types\/post"}],"author":[{"embeddable":true,"href":"https:\/\/www.diarioimagen.net\/index.php?rest_route=\/wp\/v2\/users\/3"}],"replies":[{"embeddable":true,"href":"https:\/\/www.diarioimagen.net\/index.php?rest_route=%2Fwp%2Fv2%2Fcomments&post=607475"}],"version-history":[{"count":0,"href":"https:\/\/www.diarioimagen.net\/index.php?rest_route=\/wp\/v2\/posts\/607475\/revisions"}],"wp:attachment":[{"href":"https:\/\/www.diarioimagen.net\/index.php?rest_route=%2Fwp%2Fv2%2Fmedia&parent=607475"}],"wp:term":[{"taxonomy":"category","embeddable":true,"href":"https:\/\/www.diarioimagen.net\/index.php?rest_route=%2Fwp%2Fv2%2Fcategories&post=607475"},{"taxonomy":"post_tag","embeddable":true,"href":"https:\/\/www.diarioimagen.net\/index.php?rest_route=%2Fwp%2Fv2%2Ftags&post=607475"}],"curies":[{"name":"wp","href":"https:\/\/api.w.org\/{rel}","templated":true}]}}