{"id":607485,"date":"2024-01-22T00:12:15","date_gmt":"2024-01-22T06:12:15","guid":{"rendered":"https:\/\/www.diarioimagen.net\/?p=607485"},"modified":"2024-01-22T01:57:39","modified_gmt":"2024-01-22T07:57:39","slug":"35-millones-de-votos-para-claudia-jajajajajaja","status":"publish","type":"post","link":"https:\/\/www.diarioimagen.net\/?p=607485","title":{"rendered":"35 millones de votos para Claudia, jajajajajaja"},"content":{"rendered":"<h2>Tras la puerta del poder<\/h2>\n<h5>Roberto Vizca\u00edno<\/h5>\n<p><strong>\u00a0<\/strong><\/p>\n<p>Simplemente no hay forma de que <strong>Mario Delgado<\/strong>, <strong>Beto Anaya<\/strong> y <strong>Manuel Velasco <\/strong>\u2014Morena, PT y Verde\u2014 puedan cumplir ese deseo.<\/p>\n<p>Salvo que est\u00e9n maquinando un megafraude electoral que en el M\u00e9xico actual es igualmente imposible.<\/p>\n<p>Ya el \u201crat\u00f3n loco\u201d, \u201cel carrusel\u201d, \u201cla urna embarazada\u201d de los a\u00f1os 80 no existen m\u00e1s. No existe tampoco la CTM ni la CNOP ni la CNC que garantizaban un acarreo sin l\u00edmite en cada elecci\u00f3n.<\/p>\n<p>En fin, que el M\u00e9xico de <strong>Manuel Bartlett <\/strong>y <strong>Plutarco El\u00edas Calles<\/strong> es ya historia vieja. Y su balandronada recuerda como en 1988 el entonces presidente del PRI, <strong>Jorge de la Vega Dom\u00ednguez<\/strong>, dijo que habr\u00eda 20 millones de votos para <strong>Carlos Salinas<\/strong> en su contienda contra <strong>Cuauht\u00e9moc C\u00e1rdenas<\/strong>.<\/p>\n<p><strong>Porfirio Mu\u00f1oz Ledo<\/strong> e <strong>Ifigenia Mart\u00ednez,<\/strong> que lideraron al Frente Democr\u00e1tico Nacional (FDN), al ingresar al Palacio Legislativo el 1 de diciembre de aquel a\u00f1o como senadores de la oposici\u00f3n, lo hicieron con un grito hist\u00f3rico de:<\/p>\n<p><strong><em>\u201c20 millones, jajaja<\/em><\/strong>\u2026\u201d<\/p>\n<p>Ahora, <strong>Andr\u00e9s Manuel L\u00f3pez Obrador,<\/strong> due\u00f1o de Morena, hasta sus gerentes <strong>Delgado, Anaya<\/strong> y <strong>Velasco<\/strong> deben recordar aquel hecho.<\/p>\n<p>Entonces eso de que van por 35 millones de votos el 2 de junio para <strong>Claudia Sheinbaum<\/strong> es simplemente de risa.<\/p>\n<p>Pobres, andan tan apanicados con la muy probable derrota que s\u00f3lo dicen idioteces.<\/p>\n<p style=\"text-align: center;\"><strong>Antecedentes<\/strong><\/p>\n<p>Las elecciones se ganan con votos y los 30 millones 113 mil 483 (53.2%) alcanzado por <strong>Andr\u00e9s Manuel L\u00f3pez Obrador<\/strong> en 2018 fue algo excepcional. En eso coinciden todos quienes saben de esto.<\/p>\n<p>No vamos a entrar al debate de si recibi\u00f3 ayuda o no del entonces presidente <strong>Enrique Pe\u00f1a Nieto<\/strong> y entre 10 y 12 gobernadores del PRI para alcanzar esa cifra.<\/p>\n<p>El hecho es que en las elecciones federales de 2012 y 2016 <strong>AMLO<\/strong> s\u00f3lo sac\u00f3 la mitad de lo que alcanz\u00f3 en 2018.<\/p>\n<p>Ese porcentaje lo volvi\u00f3 a ratificar v\u00eda Morena en las elecciones de 2021 y en el proceso de fin de mandato.<\/p>\n<p>Eso lleva a pensar que su voto real, duro, es de quiz\u00e1 15 millones de sufragios.<\/p>\n<p>\u00bfDe d\u00f3nde van a sacar otros 20 para alcanzar los 35 millones prometidos ayer por <strong>Delgado, Anaya y Velasco<\/strong>?<\/p>\n<p>M\u00e1s bien hay que ver cuantos de cada 10 que votaron por <strong>AMLO<\/strong> en 2018 ya no lo har\u00e1n por <strong>Claudia<\/strong> en 2024.<\/p>\n<p style=\"text-align: center;\"><strong>N\u00fameros y porcentajes<\/strong><\/p>\n<p>El an\u00e1lisis serio requiere de datos ciertos.<\/p>\n<p>En 2018 hab\u00eda 89.3 millones de mexicanos en la Lista Nominal, es decir, con credencial para votar. De ellos fueron 56.6 millones a votar. No lo hicieron 36.6 millones.<\/p>\n<p>El domingo 2 de junio pr\u00f3ximo habr\u00e1 cerca de 98 millones de mexicanos inscritos en la Lista Nominal, es casi 10 millones m\u00e1s que en 2018.<\/p>\n<p>Si acudiera a las urnas el 2 de junio un porcentaje similar al de 2018, es decir, 63.4% estar\u00edamos hablando de casi 62 millones de votantes.<\/p>\n<p>Si de cada 10 que votaron por <strong>AMLO<\/strong> 2 o 3 o 4 no lo hacen ya por Claudia, estar\u00edamos hablando que Sheinbaum podr\u00eda estar alcanzando en el mejor de los casos 25 millones de votos.<\/p>\n<p>Lo obvio es que esos que ya no votar\u00e1n por ella lo har\u00e1n preferentemente por <strong>X\u00f3chitl G\u00e1lvez Ruiz<\/strong>, no por la pantomima esquirolesca del <strong><em>fosfo-fosfo<\/em><\/strong> de MC.<\/p>\n<p>Si eso fuese cierto, <strong>X\u00f3chitl G\u00e1lvez<\/strong> estar\u00eda ganando por el 49% de los votos.<\/p>\n<p>Mire, justo el fin de semana el ex consejero Ciro Murayama avanz\u00f3 un an\u00e1lisis en <em>El Financiero<\/em> en el que habla de lo mismo, pero referente a la pr\u00f3xima composici\u00f3n de El Senado.<\/p>\n<p style=\"text-align: center;\"><strong>En el Senado no habr\u00e1 mayor\u00eda de Morena<\/strong><\/p>\n<p><strong>Murayama <\/strong>recuerda que ni siquiera en la elecci\u00f3n de 2018, con el gran caudal de votos hacia Morena y sus aliados, se alcanz\u00f3 la mayor\u00eda calificada en el Senado.<\/p>\n<p>Menos lo lograr\u00e1n ahora.<\/p>\n<p>Y es que, afirma<strong>, \u201cpara tener mayor\u00eda calificada y cambiar la Constituci\u00f3n, se necesitan al menos dos terceras partes de los 128 senadores, o sea, 86 esca\u00f1os<\/strong>.<\/p>\n<p>\u201cLas reglas para integrar el Senado son sencillas: de cada entidad federativa salen tres senadores, dos de la fuerza m\u00e1s votada y uno del segundo lugar. As\u00ed que son 96 senadores por esta v\u00eda y hay <strong>32 m\u00e1s que surgen de una lista nacional con proporcionalidad directa. Eso es todo.<\/strong><\/p>\n<p>\u201cAhora bien, <strong>\u00bfqu\u00e9 se necesita para lograr 86 senadores? Pues ganar las 32 entidades, lo que dar\u00eda de entrada a 64 senadores. Y, luego, ser\u00eda necesario obtener 22 senadores de la lista nacional y as\u00ed alcanzar el n\u00famero m\u00e1gico de 86. Pero para hacerse de esos 22 senadores se requiere lograr el 68.8 por ciento de los votos. Ser primera fuerza en las 32 entidades y recibir casi siete de cada diez votos ciudadanos. Se puede escribir, pero es imposible de conseguir en la realidad\u201d.<\/strong><\/p>\n<p><strong>As\u00ed de sencillo. No hay forma que lo logren.<\/strong><\/p>\n<p>En 2018, pese al arrastre de AMLO, Morena y aliados s\u00f3lo ganaron 50 senadores en 25 estados. En 5 m\u00e1s quedaron como segunda fuerza. Ah\u00ed solo lograron 5 senadores m\u00e1s.<\/p>\n<p>En total, Morena obtuvo el 42 por ciento de los votos, que le dieron 13 senadores pluris. PT tuvo 4.3 por ciento y logr\u00f3 1 senador. As\u00ed, la coalici\u00f3n del gobierno se hizo en 2018 con 69 senadores. Tuvo mayor\u00eda simple (53.9 por ciento), pero qued\u00f3 a 17 legisladores de la mayor\u00eda calificada de 86.<\/p>\n<p>\u201cPor eso, cuando la oposici\u00f3n se decidi\u00f3, tuvo en el Senado los votos suficientes para detener las reformas constitucionales de este gobierno\u201d.<\/p>\n<p>Si la elecci\u00f3n de 2024 resulta como la de 2021, las cosas se complicar\u00e1n m\u00e1s para quienes sue\u00f1an con el \u201cplan C\u201d. Es decir, alcanzar mayor\u00edas legislativas senatoriales para modificar sin cambiar ni una coma la Constituci\u00f3n.<\/p>\n<p>\u201cPor ello, el \u2018plan C\u2019 est\u00e1 condenado al fracaso. Una buena noticia para la democracia\u201d, concluye <strong>Murayama<\/strong> y yo agrego que igual resultar\u00eda en una derrota para los sue\u00f1os transexenales de <strong>AMLO<\/strong>.<\/p>\n<p>O sea: <strong><em>35 millones de votos\u2026 jajajaja<\/em><\/strong><\/p>\n<p><em><a href=\"mailto:rvizcainoa@gmail.com\" target=\"_blank\" rel=\"noopener noreferrer\">vizcainoa@gmail.com<\/a><a href=\"mailto:rvizcainoa@gmail.com\" target=\"_blank\" rel=\"noopener noreferrer\"><br \/>\n<\/a><a href=\"http:\/\/endirecto.mx\" target=\"_blank\" rel=\"noopener noreferrer\">www.endirecto.mx<\/a><a href=\"mailto:rvizcainoa@gmail.com\" target=\"_blank\" rel=\"noopener noreferrer\"><br \/>\n<\/a><a href=\"https:\/\/twitter.com\/_rvizcaino\" target=\"_blank\" rel=\"noopener noreferrer\">@_RVizcaino<\/a><a href=\"mailto:rvizcainoa@gmail.com\" target=\"_blank\" rel=\"noopener noreferrer\"><br \/>\n<\/a><a href=\"https:\/\/www.facebook.com\/rvizcainoa\" target=\"_blank\" rel=\"noopener noreferrer\">facebook.com\/rvizcainoa<\/a><\/em><\/p>\n","protected":false},"excerpt":{"rendered":"<p><span style=\"color: #005497;\"><strong>Roberto Vizca\u00edno<\/strong><\/span><\/p>\n","protected":false},"author":3,"featured_media":0,"comment_status":"open","ping_status":"open","sticky":false,"template":"","format":"standard","meta":{"_monsterinsights_skip_tracking":false,"_monsterinsights_sitenote_active":false,"_monsterinsights_sitenote_note":"","_monsterinsights_sitenote_category":0,"footnotes":""},"categories":[136],"tags":[43674,93,94],"class_list":["post-607485","post","type-post","status-publish","format-standard","hentry","category-roberto-vizcaino-opinion","tag-opinion","tag-roberto-vizcaino","tag-tras-la-puerta-del-poder"],"_links":{"self":[{"href":"https:\/\/www.diarioimagen.net\/index.php?rest_route=\/wp\/v2\/posts\/607485","targetHints":{"allow":["GET"]}}],"collection":[{"href":"https:\/\/www.diarioimagen.net\/index.php?rest_route=\/wp\/v2\/posts"}],"about":[{"href":"https:\/\/www.diarioimagen.net\/index.php?rest_route=\/wp\/v2\/types\/post"}],"author":[{"embeddable":true,"href":"https:\/\/www.diarioimagen.net\/index.php?rest_route=\/wp\/v2\/users\/3"}],"replies":[{"embeddable":true,"href":"https:\/\/www.diarioimagen.net\/index.php?rest_route=%2Fwp%2Fv2%2Fcomments&post=607485"}],"version-history":[{"count":0,"href":"https:\/\/www.diarioimagen.net\/index.php?rest_route=\/wp\/v2\/posts\/607485\/revisions"}],"wp:attachment":[{"href":"https:\/\/www.diarioimagen.net\/index.php?rest_route=%2Fwp%2Fv2%2Fmedia&parent=607485"}],"wp:term":[{"taxonomy":"category","embeddable":true,"href":"https:\/\/www.diarioimagen.net\/index.php?rest_route=%2Fwp%2Fv2%2Fcategories&post=607485"},{"taxonomy":"post_tag","embeddable":true,"href":"https:\/\/www.diarioimagen.net\/index.php?rest_route=%2Fwp%2Fv2%2Ftags&post=607485"}],"curies":[{"name":"wp","href":"https:\/\/api.w.org\/{rel}","templated":true}]}}