{"id":607568,"date":"2024-01-23T00:06:55","date_gmt":"2024-01-23T06:06:55","guid":{"rendered":"https:\/\/www.diarioimagen.net\/?p=607568"},"modified":"2024-01-22T23:42:09","modified_gmt":"2024-01-23T05:42:09","slug":"recta-final","status":"publish","type":"post","link":"https:\/\/www.diarioimagen.net\/?p=607568","title":{"rendered":"Recta final"},"content":{"rendered":"<h2>Aunque pese<\/h2>\n<h5>Salvador Mart\u00ednez Garc\u00eda<\/h5>\n<p>&nbsp;<\/p>\n<p>El gobierno del presidente L\u00f3pez Obrador est\u00e1 en su recta final, en poco m\u00e1s de 8 meses concluye su mandato y en ese lapso deber\u00e1 difundir con precisi\u00f3n y transparencia los avances alcanzados.<\/p>\n<p>En lo econ\u00f3mico, M\u00e9xico recuper\u00f3 el crecimiento (m\u00e1s del 3 por ciento en 2023 y cerca del 2.5 por ciento estimado para 2024); es uno de los principales pa\u00edses en captaci\u00f3n de Inversi\u00f3n Extranjera Directa, mantiene una balanza comercial superavitaria, ha incrementado la generaci\u00f3n de empleo m\u00e1s que duplicado el salario m\u00ednimo y ha acortado la desigualdad.<\/p>\n<p>El dato duro es la mejor forma para acallar las cr\u00edticas interesadas de los conservadores que rechazan las pol\u00edticas que buscan una mejor distribuci\u00f3n de los ingresos y atenci\u00f3n social a las grandes mayor\u00edas nacionales que requieren de mejores oportunidades, m\u00e1s educaci\u00f3n, buena atenci\u00f3n en salud y mejores ingresos.<\/p>\n<p>En obra p\u00fablica se construy\u00f3 el AIFA, el Tren Maya, la Refiner\u00eda de Dos Bocas y el corredor Trans\u00edstmico en Tehuantepec, que ser\u00e1 un gran polo de desarrollo no s\u00f3lo por conectar a los oc\u00e9anos Atl\u00e1ntico y Pac\u00edfico, sino tambi\u00e9n por las industrias que en la regi\u00f3n se desarrollar\u00e1n para aprovechamiento de la nueva obra.<\/p>\n<p>En materia el\u00e9ctrica se evit\u00f3 la privatizaci\u00f3n puesta en marcha por los gobiernos neoliberales y se fren\u00f3 el desmantelamiento de la CFE para iniciar un proceso de modernizaci\u00f3n de su planta instalada.<\/p>\n<p>En materia social se increment\u00f3 la pensi\u00f3n a los adultos mayores, a estudiantes nivel medio y universitario y a otros sectores vulnerables, con lo que se fren\u00f3 el incremento de la pobreza que se sufri\u00f3 en sexenios pasados.<\/p>\n<p>En materia de seguridad p\u00fablica se ha logrado disminuir en 20 por ciento los homicidios dolosos, pero esta es una materia en la que todav\u00eda falta mucho por hacer, sobre todo ante las masacres perpetuadas por grupos criminales que impactan negativamente a toda la sociedad.<\/p>\n<p>Cerrar el gobierno con la informaci\u00f3n precisa y concisa de lo alcanzado deber\u00e1 ser obligaci\u00f3n prioritaria en los meses que quedan de este gobierno.<\/p>\n<p style=\"text-align: center;\"><strong>Susurros<\/strong><\/p>\n<p>Hasta que no se conozcan los nombres de los m\u00e1s de 50 mil candidatos a puestos de elecci\u00f3n popular que estar\u00e1n en disputa en este a\u00f1o electoral, se podr\u00e1 conocer con mayor precisi\u00f3n cu\u00e1l de las dos alianzas partidistas concentrar\u00e1n porcentualmente las mayor\u00edas.<\/p>\n<p>Hasta ahora, Claudia Sheinbaum lleva amplia ventaja sobre X\u00f3chitl G\u00e1lvez, pero falta conocer qui\u00e9nes ser\u00e1n los que busquen en sus respectivas alianzas los 20 mil 286 cargos que se disputar\u00e1n, ya que a nivel regional y local quienes aspiren a los congresos locales, ayuntamientos, juntas municipales de las 32 entidades del pa\u00eds podr\u00edan influir en el electorado tambi\u00e9n hacia sus simpat\u00edas en el \u00e1mbito estatal y nacional. Veremos.<\/p>\n<p><a href=\"mailto:salvadormartinez@visionmx.com\" target=\"_blank\" rel=\"noopener\"><em>salvadormartinez@visionmx.com<\/em><\/a><br \/>\n<em>Twitter: <a href=\"https:\/\/twitter.com\/salvador_mtz\" target=\"_blank\" rel=\"noopener\">@salvador_mtz<\/a><\/em><\/p>\n","protected":false},"excerpt":{"rendered":"<p><span style=\"color: #005497;\"><strong>Salvador Mart\u00ednez Garc\u00eda<\/strong><\/span><\/p>\n","protected":false},"author":3,"featured_media":0,"comment_status":"open","ping_status":"open","sticky":false,"template":"","format":"standard","meta":{"_monsterinsights_skip_tracking":false,"_monsterinsights_sitenote_active":false,"_monsterinsights_sitenote_note":"","_monsterinsights_sitenote_category":0,"footnotes":""},"categories":[96743],"tags":[96744,43674,96745],"class_list":["post-607568","post","type-post","status-publish","format-standard","hentry","category-salvador-martinez-garcia","tag-aunque-pese","tag-opinion","tag-salvador-martinez-garcia"],"_links":{"self":[{"href":"https:\/\/www.diarioimagen.net\/index.php?rest_route=\/wp\/v2\/posts\/607568","targetHints":{"allow":["GET"]}}],"collection":[{"href":"https:\/\/www.diarioimagen.net\/index.php?rest_route=\/wp\/v2\/posts"}],"about":[{"href":"https:\/\/www.diarioimagen.net\/index.php?rest_route=\/wp\/v2\/types\/post"}],"author":[{"embeddable":true,"href":"https:\/\/www.diarioimagen.net\/index.php?rest_route=\/wp\/v2\/users\/3"}],"replies":[{"embeddable":true,"href":"https:\/\/www.diarioimagen.net\/index.php?rest_route=%2Fwp%2Fv2%2Fcomments&post=607568"}],"version-history":[{"count":0,"href":"https:\/\/www.diarioimagen.net\/index.php?rest_route=\/wp\/v2\/posts\/607568\/revisions"}],"wp:attachment":[{"href":"https:\/\/www.diarioimagen.net\/index.php?rest_route=%2Fwp%2Fv2%2Fmedia&parent=607568"}],"wp:term":[{"taxonomy":"category","embeddable":true,"href":"https:\/\/www.diarioimagen.net\/index.php?rest_route=%2Fwp%2Fv2%2Fcategories&post=607568"},{"taxonomy":"post_tag","embeddable":true,"href":"https:\/\/www.diarioimagen.net\/index.php?rest_route=%2Fwp%2Fv2%2Ftags&post=607568"}],"curies":[{"name":"wp","href":"https:\/\/api.w.org\/{rel}","templated":true}]}}