{"id":607637,"date":"2024-01-24T00:05:09","date_gmt":"2024-01-24T06:05:09","guid":{"rendered":"https:\/\/www.diarioimagen.net\/?p=607637"},"modified":"2024-01-24T22:45:32","modified_gmt":"2024-01-25T04:45:32","slug":"patricia-roman-reyes-investigadora-uaemex-colabora-en-el-desarrollo-de-cultivos-agroecologicos","status":"publish","type":"post","link":"https:\/\/www.diarioimagen.net\/?p=607637","title":{"rendered":"Patricia Rom\u00e1n Reyes, investigadora UAEM\u00e9x, colabora en el desarrollo de cultivos agroecol\u00f3gicos"},"content":{"rendered":"<p>&nbsp;<\/p>\n<div id=\"attachment_607713\" style=\"width: 470px\" class=\"wp-caption aligncenter\"><a href=\"https:\/\/www.diarioimagen.net\/?attachment_id=607713\" rel=\"attachment wp-att-607713\"><img loading=\"lazy\" decoding=\"async\" aria-describedby=\"caption-attachment-607713\" class=\"size-full wp-image-607713\" src=\"https:\/\/www.diarioimagen.net\/wp-content\/uploads\/2024\/01\/uaem-patricia-roman.jpg\" alt=\"\" width=\"460\" height=\"270\" \/><\/a><p id=\"caption-attachment-607713\" class=\"wp-caption-text\">La investigadora y acad\u00e9mica de la Universidad Aut\u00f3noma del Estado de M\u00e9xico (UAEM\u00e9x) Patricia Rom\u00e1n Reyes, remarc\u00f3 la importancia del extensionismo universitario en torno al trabajo agr\u00edcola impulsando as\u00ed la importancia de la producci\u00f3n y consumo local en el Estado de M\u00e9xico.<\/p><\/div>\n<p>&nbsp;<\/p>\n<p><strong>Toluca, Estado de M\u00e9xico.<\/strong>\u2014 Con el objetivo de dise\u00f1ar y mejorar estrategias de comercializaci\u00f3n de cultivos agroecol\u00f3gicos de un grupo de mujeres de la localidad de San Antonio Acahualco, en Zinacantepec, la investigadora del Centro de Investigaci\u00f3n Aplicada para el Desarrollo Social (CIADES) de la Universidad Aut\u00f3noma del Estado de M\u00e9xico (UAEM\u00e9x), Patricia Rom\u00e1n Reyes, desarrolla un proyecto en el que participa la asociaci\u00f3n de productoras rurales TONAEM ACAHUALLI.<\/p>\n<p>Esta investigaci\u00f3n, realizada en colaboraci\u00f3n con acad\u00e9micos y estudiantado de las facultades de Odontolog\u00eda, Ciencias Agr\u00edcolas y Derecho, est\u00e1 vinculada con el comercio justo y el desarrollo de pr\u00e1cticas sostenibles que beneficien a la econom\u00eda, al medio ambiente y a las familias, ya que los cultivos agroecol\u00f3gicos son aquellos que, en su producci\u00f3n, no han sido tratados con qu\u00edmicos y son cultivados en huertos familiares. \u201cSi apoyamos estos proyectos, estamos apoyando m\u00e1s que a un grupo de mujeres, estamos apoyando a nuestra econom\u00eda y a una comunidad\u201d, precis\u00f3.<\/p>\n<p>En este sentido, Rom\u00e1n Reyes, interesada en las caracter\u00edsticas de las familias y las formas en que las personas se insertan en los mercados de trabajo, enfatiz\u00f3 que a trav\u00e9s del extensionismo universitario se logr\u00f3 la construcci\u00f3n de conocimiento compartido entre la academia y las comunidades. \u201cLa universidad es lo que logra afuera y eso es lo maravilloso de estos proyectos\u201d, subray\u00f3.<\/p>\n<p>La participaci\u00f3n de la comunidad auriverde se destac\u00f3 dentro de las capacitaciones impartidas a la asociaci\u00f3n, ya que brind\u00f3 asesoramiento en el trabajo agr\u00edcola, as\u00ed como el acceso a tratamientos dentales; en este mismo sentido, surgi\u00f3 el apoyo para registrar al grupo de productoras agr\u00edcolas y un productor como una asociaci\u00f3n bajo el nombre de TONAEM ACAHUALLI.<\/p>\n<p>Por otro lado, se compartieron talleres relacionados con el cultivo; sus cuidados y tiempos de siembra, manejo de plagas, as\u00ed como sustituci\u00f3n y dosificaci\u00f3n de pesticidas. Adem\u00e1s, se ofrecieron asesor\u00edas para el acceso a programas de gobierno que benefician a las actividades agr\u00edcolas.<\/p>\n<p>Tras la colaboraci\u00f3n de las y los universitarios, la asociaci\u00f3n adquiri\u00f3 herramientas para mejorar la producci\u00f3n de sus cultivos logrando la incorporaci\u00f3n de su producci\u00f3n en mercados locales.<\/p>\n<p style=\"text-align: center;\"><strong>Hacia una perspectiva de g\u00e9nero en la ciencia<\/strong><\/p>\n<p>La investigadora, quien es docente de las facultades de Humanidades, Contadur\u00eda y Ciencias Pol\u00edticas y Sociales, recalc\u00f3 la competitividad en la que las mujeres se encuentran dentro del mercado laboral, lo que les imposibilita tener presencia en distintos espacios y se enfrentan a una especie de penalizaci\u00f3n hacia la maternidad; por ello, subray\u00f3 que se requiere transitar hacia una vida laboral, inclu\u00edda la acad\u00e9mica, con perspectiva de g\u00e9nero.<\/p>\n<p>\u201cLa academia es un espacio muy competitivo y, entonces, hay una absoluta falta de perspectiva de g\u00e9nero en la vida acad\u00e9mica; resulta dif\u00edcil a las mujeres estar en el mismo nivel de competitividad que los hombres\u201d, concluy\u00f3.<\/p>\n","protected":false},"excerpt":{"rendered":"<p>Con el objetivo de dise\u00f1ar y mejorar estrategias de comercializaci\u00f3n de cultivos agroecol\u00f3gicos de un grupo de mujeres de la localidad de San Antonio Acahualco, en Zinacantepec, la investigadora del Centro de Investigaci\u00f3n Aplicada para el Desarrollo Social (CIADES) de la Universidad Aut\u00f3noma del Estado de M\u00e9xico (UAEM\u00e9x), Patricia Rom\u00e1n Reyes, desarrolla un proyecto en el que participa la asociaci\u00f3n de productoras rurales TONAEM ACAHUALLI.<\/p>\n","protected":false},"author":3,"featured_media":607713,"comment_status":"open","ping_status":"open","sticky":false,"template":"","format":"standard","meta":{"_monsterinsights_skip_tracking":false,"_monsterinsights_sitenote_active":false,"_monsterinsights_sitenote_note":"","_monsterinsights_sitenote_category":0,"footnotes":""},"categories":[5],"tags":[99270,67878],"class_list":["post-607637","post","type-post","status-publish","format-standard","has-post-thumbnail","hentry","category-estado-de-mexico","tag-agroecologicos","tag-uaemex"],"_links":{"self":[{"href":"https:\/\/www.diarioimagen.net\/index.php?rest_route=\/wp\/v2\/posts\/607637","targetHints":{"allow":["GET"]}}],"collection":[{"href":"https:\/\/www.diarioimagen.net\/index.php?rest_route=\/wp\/v2\/posts"}],"about":[{"href":"https:\/\/www.diarioimagen.net\/index.php?rest_route=\/wp\/v2\/types\/post"}],"author":[{"embeddable":true,"href":"https:\/\/www.diarioimagen.net\/index.php?rest_route=\/wp\/v2\/users\/3"}],"replies":[{"embeddable":true,"href":"https:\/\/www.diarioimagen.net\/index.php?rest_route=%2Fwp%2Fv2%2Fcomments&post=607637"}],"version-history":[{"count":0,"href":"https:\/\/www.diarioimagen.net\/index.php?rest_route=\/wp\/v2\/posts\/607637\/revisions"}],"wp:featuredmedia":[{"embeddable":true,"href":"https:\/\/www.diarioimagen.net\/index.php?rest_route=\/wp\/v2\/media\/607713"}],"wp:attachment":[{"href":"https:\/\/www.diarioimagen.net\/index.php?rest_route=%2Fwp%2Fv2%2Fmedia&parent=607637"}],"wp:term":[{"taxonomy":"category","embeddable":true,"href":"https:\/\/www.diarioimagen.net\/index.php?rest_route=%2Fwp%2Fv2%2Fcategories&post=607637"},{"taxonomy":"post_tag","embeddable":true,"href":"https:\/\/www.diarioimagen.net\/index.php?rest_route=%2Fwp%2Fv2%2Ftags&post=607637"}],"curies":[{"name":"wp","href":"https:\/\/api.w.org\/{rel}","templated":true}]}}