{"id":607644,"date":"2024-01-24T00:02:33","date_gmt":"2024-01-24T06:02:33","guid":{"rendered":"https:\/\/www.diarioimagen.net\/?p=607644"},"modified":"2024-01-24T01:20:36","modified_gmt":"2024-01-24T07:20:36","slug":"llaman-a-la-unidad-aspirantes-de-morena-a-la-alcaldia-de-naucalpan","status":"publish","type":"post","link":"https:\/\/www.diarioimagen.net\/?p=607644","title":{"rendered":"Llaman a la unidad, aspirantes de Morena a la alcald\u00eda de Naucalpan"},"content":{"rendered":"<p>&nbsp;<\/p>\n<ul>\n<li><em><strong>Carlos Alberto Trujillo Anell y Juan Olivas Islas<\/strong><\/em><\/li>\n<\/ul>\n<p><strong>\u00a0<\/strong><\/p>\n<h6>Arturo Baena<\/h6>\n<p>&nbsp;<\/p>\n<div id=\"attachment_607730\" style=\"width: 470px\" class=\"wp-caption aligncenter\"><a href=\"https:\/\/www.diarioimagen.net\/?attachment_id=607730\" rel=\"attachment wp-att-607730\"><img loading=\"lazy\" decoding=\"async\" aria-describedby=\"caption-attachment-607730\" class=\"size-full wp-image-607730\" src=\"https:\/\/www.diarioimagen.net\/wp-content\/uploads\/2024\/01\/llaman-a-la-unidad.jpg\" alt=\"\" width=\"460\" height=\"270\" \/><\/a><p id=\"caption-attachment-607730\" class=\"wp-caption-text\">El segundo s\u00edndico del ayuntamiento de Naucalpan, Carlos Alberto Trujillo Anell, y el consejero estatal de Morena en el Edomex, Juan Olivas Islas, coincidieron en lograr la unidad para poder recuperar el municipio.<\/p><\/div>\n<p>&nbsp;<\/p>\n<p><strong>Naucalpan, Estado de M\u00e9xico.\u2014<\/strong> Los aspirantes a la precandidaturas de Morena a la alcald\u00eda de Naucalpan, el segundo s\u00edndico del ayuntamiento, Carlos Alberto Trujillo Anell, y el consejero estatal de Morena en el Edomex, Juan Olivas Islas, coincidieron en lograr la unidad para poder recuperar el municipio.<\/p>\n<p>Reiteraron en ese orden, que el objetivo es superar la adversidad con un candidato fresco y competitivo, que sume al proyecto de la 4T, y no reste.<\/p>\n<p>En conferencia de prensa, mientras que Trujillo Anell ponder\u00f3 que es momento de que la izquierda asuma la competencia tanto interna como externa con altura de miras, Olivas Islas, insisti\u00f3 que la selecci\u00f3n de candidatos sea de manera justa y transparente.<\/p>\n<p>Subray\u00f3 que ser\u00eda inviable para el proyecto, que los postulantes sean el resultado del \u201camiguismo, el compadrazgo y nepotismo\u201d.<\/p>\n<p>Acompa\u00f1ados del doctor. Hildelgardo Bacilio G\u00f3mez, de Maria de los Angeles Huerta, de l\u00edderes de las juventudes de morena en el Edomex, y representantes vecinales, dejaron en claro que frente al reto que tienen en puerta, no se puede apostar por perfiles perdedores, cuyas responsabilidades asignadas en los \u00faltimos procesos electorales sus resultados han sido adversos en el municipio.<\/p>\n<p>Trujillo enfatiz\u00f3 que entre las diversas prioridades de morena, es recuperar la mayor\u00eda calificada en el Congreso de la Uni\u00f3n, y garantizar el triunfo de la Dra. Claudia Sheinbaum Pardo a la Presidencia de la Rep\u00fablica, de manera extraordinaria en el denominado, alternativo y mal llamado \u201ccorredor azul\u201d, de Tepotzotl\u00e1n a Huixquilucan.<\/p>\n","protected":false},"excerpt":{"rendered":"<p>Los aspirantes a la precandidaturas de Morena a la alcald\u00eda de Naucalpan, el segundo s\u00edndico del ayuntamiento, Carlos Alberto Trujillo Anell, y el consejero estatal de Morena en el Edomex, Juan Olivas Islas, coincidieron en lograr la unidad para poder recuperar el municipio.<\/p>\n","protected":false},"author":3,"featured_media":607730,"comment_status":"open","ping_status":"open","sticky":false,"template":"","format":"standard","meta":{"_monsterinsights_skip_tracking":false,"_monsterinsights_sitenote_active":false,"_monsterinsights_sitenote_note":"","_monsterinsights_sitenote_category":0,"footnotes":""},"categories":[5],"tags":[43675,20663,970,15862],"class_list":["post-607644","post","type-post","status-publish","format-standard","has-post-thumbnail","hentry","category-estado-de-mexico","tag-estado-de-mexico","tag-morena","tag-naucalpan","tag-precandidatos"],"_links":{"self":[{"href":"https:\/\/www.diarioimagen.net\/index.php?rest_route=\/wp\/v2\/posts\/607644","targetHints":{"allow":["GET"]}}],"collection":[{"href":"https:\/\/www.diarioimagen.net\/index.php?rest_route=\/wp\/v2\/posts"}],"about":[{"href":"https:\/\/www.diarioimagen.net\/index.php?rest_route=\/wp\/v2\/types\/post"}],"author":[{"embeddable":true,"href":"https:\/\/www.diarioimagen.net\/index.php?rest_route=\/wp\/v2\/users\/3"}],"replies":[{"embeddable":true,"href":"https:\/\/www.diarioimagen.net\/index.php?rest_route=%2Fwp%2Fv2%2Fcomments&post=607644"}],"version-history":[{"count":0,"href":"https:\/\/www.diarioimagen.net\/index.php?rest_route=\/wp\/v2\/posts\/607644\/revisions"}],"wp:featuredmedia":[{"embeddable":true,"href":"https:\/\/www.diarioimagen.net\/index.php?rest_route=\/wp\/v2\/media\/607730"}],"wp:attachment":[{"href":"https:\/\/www.diarioimagen.net\/index.php?rest_route=%2Fwp%2Fv2%2Fmedia&parent=607644"}],"wp:term":[{"taxonomy":"category","embeddable":true,"href":"https:\/\/www.diarioimagen.net\/index.php?rest_route=%2Fwp%2Fv2%2Fcategories&post=607644"},{"taxonomy":"post_tag","embeddable":true,"href":"https:\/\/www.diarioimagen.net\/index.php?rest_route=%2Fwp%2Fv2%2Ftags&post=607644"}],"curies":[{"name":"wp","href":"https:\/\/api.w.org\/{rel}","templated":true}]}}