{"id":607786,"date":"2024-01-25T00:01:12","date_gmt":"2024-01-25T06:01:12","guid":{"rendered":"https:\/\/www.diarioimagen.net\/?p=607786"},"modified":"2024-01-25T00:51:12","modified_gmt":"2024-01-25T06:51:12","slug":"avalan-ciudadanos-y-empresarios-continuidad-de-karla-fiesco-garcia-al-frente-de-cuautitlan-izcalli","status":"publish","type":"post","link":"https:\/\/www.diarioimagen.net\/?p=607786","title":{"rendered":"Avalan ciudadanos y empresarios continuidad de Karla Fiesco Garc\u00eda al frente de Cuautitl\u00e1n Izcalli"},"content":{"rendered":"<p>&nbsp;<\/p>\n<ul>\n<li><em><strong>\u201cEs una garant\u00eda de triunfo\u201d<\/strong><\/em><\/li>\n<\/ul>\n<p><strong>\u00a0<\/strong><\/p>\n<h6>Arturo Baena<\/h6>\n<p>&nbsp;<\/p>\n<div id=\"attachment_607843\" style=\"width: 470px\" class=\"wp-caption aligncenter\"><a href=\"https:\/\/www.diarioimagen.net\/?attachment_id=607843\" rel=\"attachment wp-att-607843\"><img loading=\"lazy\" decoding=\"async\" aria-describedby=\"caption-attachment-607843\" class=\"size-full wp-image-607843\" src=\"https:\/\/www.diarioimagen.net\/wp-content\/uploads\/2024\/01\/avalan-ciudadanos.jpg\" alt=\"\" width=\"460\" height=\"270\" \/><\/a><p id=\"caption-attachment-607843\" class=\"wp-caption-text\">Karla Fiesco Garc\u00eda es una garant\u00eda de continuidad en favor de las familias de Cuautitl\u00e1n Izcalli, consideran ciudadanos y empresarios.<\/p><\/div>\n<p>&nbsp;<\/p>\n<p><strong>Cuautitl\u00e1n Izcalli, Estado de M\u00e9xico.\u2014<\/strong> Hoy se respira un ambiente diferente en Izcalli, contamos con m\u00e1s obras y servicios, gracias a la gesti\u00f3n de la alcaldesa Karla Fiesco Garc\u00eda, a quien el PAN, PRI y PRD, deben de avalar su reelecci\u00f3n, toda vez que ha demostrado ser un gobierno eficiente y que trabaja para y por los izcallenses.<\/p>\n<p>As\u00ed lo aseguraron por separado, empresarios, delegados y Consejos de Participaci\u00f3n Ciudadana de esta municipalidad, en voz de la l\u00edder Miriam Guzm\u00e1n, luego de destacar que \u201cKarla Fiesco es una garant\u00eda de triunfo y con ello,\u00a0 de continuidad a su trabajo en favor de las familias de este municipio\u201d.<\/p>\n<p>Mientras tanto, el sector empresarial reconoci\u00f3 y aval\u00f3 la gesti\u00f3n de Fiesco Garc\u00eda, al destacar que \u201cpese a las dificultades financieras, la presidenta municipal de esta localidad ha logrado una estabilidad financiera y haciendo mucho con poco y eso es digno de reconocer\u201d.<\/p>\n<p>En ese sentido, la propia alcaldesa Karla Fiesco ha destacado que \u201csomos un Gobierno Municipal transparente y justo en la rendici\u00f3n de cuentas.<\/p>\n<p>A trav\u00e9s de la Contralor\u00eda Municipal, se conform\u00f3 el Comit\u00e9 Ciudadano de Control y Vigilancia (COCICOVI), encargado de supervisar la correcta aplicaci\u00f3n de recursos en obras\u201d. Finalmente, las y los izcallenses, puntualizaron que \u201cno nos equivoquemos de rumbo y vayamos por la continuidad en el gobierno de Karla Fiesco y no pongamos en riesgo nuestro futuro y el de nuestras familias\u201d, remarcaron.<\/p>\n","protected":false},"excerpt":{"rendered":"<p>Hoy se respira un ambiente diferente en Izcalli, contamos con m\u00e1s obras y servicios, gracias a la gesti\u00f3n de la alcaldesa Karla Fiesco Garc\u00eda, a quien el PAN, PRI y PRD, deben de avalar su reelecci\u00f3n, toda vez que ha demostrado ser un gobierno eficiente y que trabaja para y por los izcallenses.<\/p>\n","protected":false},"author":3,"featured_media":607843,"comment_status":"open","ping_status":"open","sticky":false,"template":"","format":"standard","meta":{"_monsterinsights_skip_tracking":false,"_monsterinsights_sitenote_active":false,"_monsterinsights_sitenote_note":"","_monsterinsights_sitenote_category":0,"footnotes":""},"categories":[5],"tags":[71973,971,43675,93011],"class_list":["post-607786","post","type-post","status-publish","format-standard","has-post-thumbnail","hentry","category-estado-de-mexico","tag-continuidad","tag-cuautitlan-izcalli","tag-estado-de-mexico","tag-karla-fiesco-garcia"],"_links":{"self":[{"href":"https:\/\/www.diarioimagen.net\/index.php?rest_route=\/wp\/v2\/posts\/607786","targetHints":{"allow":["GET"]}}],"collection":[{"href":"https:\/\/www.diarioimagen.net\/index.php?rest_route=\/wp\/v2\/posts"}],"about":[{"href":"https:\/\/www.diarioimagen.net\/index.php?rest_route=\/wp\/v2\/types\/post"}],"author":[{"embeddable":true,"href":"https:\/\/www.diarioimagen.net\/index.php?rest_route=\/wp\/v2\/users\/3"}],"replies":[{"embeddable":true,"href":"https:\/\/www.diarioimagen.net\/index.php?rest_route=%2Fwp%2Fv2%2Fcomments&post=607786"}],"version-history":[{"count":0,"href":"https:\/\/www.diarioimagen.net\/index.php?rest_route=\/wp\/v2\/posts\/607786\/revisions"}],"wp:featuredmedia":[{"embeddable":true,"href":"https:\/\/www.diarioimagen.net\/index.php?rest_route=\/wp\/v2\/media\/607843"}],"wp:attachment":[{"href":"https:\/\/www.diarioimagen.net\/index.php?rest_route=%2Fwp%2Fv2%2Fmedia&parent=607786"}],"wp:term":[{"taxonomy":"category","embeddable":true,"href":"https:\/\/www.diarioimagen.net\/index.php?rest_route=%2Fwp%2Fv2%2Fcategories&post=607786"},{"taxonomy":"post_tag","embeddable":true,"href":"https:\/\/www.diarioimagen.net\/index.php?rest_route=%2Fwp%2Fv2%2Ftags&post=607786"}],"curies":[{"name":"wp","href":"https:\/\/api.w.org\/{rel}","templated":true}]}}