{"id":607788,"date":"2024-01-25T00:02:45","date_gmt":"2024-01-25T06:02:45","guid":{"rendered":"https:\/\/www.diarioimagen.net\/?p=607788"},"modified":"2024-01-25T00:51:03","modified_gmt":"2024-01-25T06:51:03","slug":"evaluan-a-armando-navarrete-como-uno-de-los-mejores-alcaldes-del-pais","status":"publish","type":"post","link":"https:\/\/www.diarioimagen.net\/?p=607788","title":{"rendered":"Eval\u00faan a Armando Navarrete como uno de los mejores alcaldes del pa\u00eds"},"content":{"rendered":"<p>&nbsp;<\/p>\n<ul>\n<li><em><strong>Estudio de Arias Consultores<\/strong><\/em><\/li>\n<\/ul>\n<p>&nbsp;<\/p>\n<div id=\"attachment_607845\" style=\"width: 470px\" class=\"wp-caption aligncenter\"><a href=\"https:\/\/www.diarioimagen.net\/?attachment_id=607845\" rel=\"attachment wp-att-607845\"><img loading=\"lazy\" decoding=\"async\" aria-describedby=\"caption-attachment-607845\" class=\"size-full wp-image-607845\" src=\"https:\/\/www.diarioimagen.net\/wp-content\/uploads\/2024\/01\/evaluan-a-armando.jpg\" alt=\"\" width=\"460\" height=\"270\" \/><\/a><p id=\"caption-attachment-607845\" class=\"wp-caption-text\">El alcalde morenista de Nicol\u00e1s Romero, Armando Navarrete L\u00f3pez, est\u00e1 clasificado como el mejor del Estado de M\u00e9xico.<\/p><\/div>\n<p>&nbsp;<\/p>\n<p><strong>Nicol\u00e1s Romero, Estrado de M\u00e9xico.\u2014<\/strong> Como resultado de su buen desempe\u00f1o al frente de la administraci\u00f3n municipal y las pol\u00edticas p\u00fablicas que han beneficiado a los ciudadanos de esta localidad, el alcalde morenista Armando Navarrete L\u00f3pez fue el mejor evaluado del Estado de M\u00e9xico y s\u00e9ptimo a nivel nacional.<\/p>\n<p>De acuerdo con un estudio efectuado por la empresa Arias Consultores en el mes de diciembre de 2023, el presidente municipal aparece ubicado en el s\u00e9ptimo lugar nacional, de un total de 100 alcaldes que fueron evaluados.<\/p>\n<p>Lo anterior, refleja el fecundo trabajo realizado por el edil de Nicol\u00e1s Romero para mejorar la calidad de vida de sus gobernados, abatiendo a\u00f1ejos rezagos y sobre todo, respondiendo a las necesidades de la gente.<\/p>\n<p>Es importante recordar que el gobierno de Armando Navarrete ha implementado desde el arranque de su gesti\u00f3n en 2019, programas y acciones caracterizados por ser innovadores y por llevar los beneficios de \u00e9stos hasta los puntos m\u00e1s alejados del centro de la demarcaci\u00f3n, donde habitan los sectores m\u00e1s vulnerables.<\/p>\n<p>Armando Navarrete recibi\u00f3 de parte de los ciudadanos que fueron consultados una aprobaci\u00f3n de 73.3 por ciento (rubro \u201caprobaci\u00f3n buena\u201d), lo que significa que lejos de ir cuesta abajo, ha crecido y su imagen p\u00fablica mejorado en la percepci\u00f3n que la poblaci\u00f3n tiene de \u00e9l.<\/p>\n<p>De este modo, el alcalde de Nicol\u00e1s Romero se consolida como uno de los presidentes municipales emanados del partido Morena, que m\u00e1s resultados han dado a sus gobernados y como un l\u00edder metropolitano que ahora alcanza una proyecci\u00f3n m\u00e1s amplia.<\/p>\n","protected":false},"excerpt":{"rendered":"<p>Como resultado de su buen desempe\u00f1o al frente de la administraci\u00f3n municipal y las pol\u00edticas p\u00fablicas que han beneficiado a los ciudadanos de esta localidad, el alcalde morenista Armando Navarrete L\u00f3pez fue el mejor evaluado del Estado de M\u00e9xico y s\u00e9ptimo a nivel nacional.<\/p>\n","protected":false},"author":3,"featured_media":607845,"comment_status":"open","ping_status":"open","sticky":false,"template":"","format":"standard","meta":{"_monsterinsights_skip_tracking":false,"_monsterinsights_sitenote_active":false,"_monsterinsights_sitenote_note":"","_monsterinsights_sitenote_category":0,"footnotes":""},"categories":[5],"tags":[64910,81431,69842,83268,752],"class_list":["post-607788","post","type-post","status-publish","format-standard","has-post-thumbnail","hentry","category-estado-de-mexico","tag-64910","tag-armando-navarrete-lopez","tag-estrado-de-mexico","tag-evaluan","tag-nicolas-romero"],"_links":{"self":[{"href":"https:\/\/www.diarioimagen.net\/index.php?rest_route=\/wp\/v2\/posts\/607788","targetHints":{"allow":["GET"]}}],"collection":[{"href":"https:\/\/www.diarioimagen.net\/index.php?rest_route=\/wp\/v2\/posts"}],"about":[{"href":"https:\/\/www.diarioimagen.net\/index.php?rest_route=\/wp\/v2\/types\/post"}],"author":[{"embeddable":true,"href":"https:\/\/www.diarioimagen.net\/index.php?rest_route=\/wp\/v2\/users\/3"}],"replies":[{"embeddable":true,"href":"https:\/\/www.diarioimagen.net\/index.php?rest_route=%2Fwp%2Fv2%2Fcomments&post=607788"}],"version-history":[{"count":0,"href":"https:\/\/www.diarioimagen.net\/index.php?rest_route=\/wp\/v2\/posts\/607788\/revisions"}],"wp:featuredmedia":[{"embeddable":true,"href":"https:\/\/www.diarioimagen.net\/index.php?rest_route=\/wp\/v2\/media\/607845"}],"wp:attachment":[{"href":"https:\/\/www.diarioimagen.net\/index.php?rest_route=%2Fwp%2Fv2%2Fmedia&parent=607788"}],"wp:term":[{"taxonomy":"category","embeddable":true,"href":"https:\/\/www.diarioimagen.net\/index.php?rest_route=%2Fwp%2Fv2%2Fcategories&post=607788"},{"taxonomy":"post_tag","embeddable":true,"href":"https:\/\/www.diarioimagen.net\/index.php?rest_route=%2Fwp%2Fv2%2Ftags&post=607788"}],"curies":[{"name":"wp","href":"https:\/\/api.w.org\/{rel}","templated":true}]}}