{"id":607913,"date":"2024-01-26T00:06:16","date_gmt":"2024-01-26T06:06:16","guid":{"rendered":"https:\/\/www.diarioimagen.net\/?p=607913"},"modified":"2024-01-29T00:44:20","modified_gmt":"2024-01-29T06:44:20","slug":"destacan-deportistas-uaemex-en-campeonato-nacional-de-campo-traviesa","status":"publish","type":"post","link":"https:\/\/www.diarioimagen.net\/?p=607913","title":{"rendered":"Destacan deportistas UAEM\u00e9x en Campeonato Nacional de Campo Traviesa"},"content":{"rendered":"<p>&nbsp;<\/p>\n<div id=\"attachment_608012\" style=\"width: 470px\" class=\"wp-caption aligncenter\"><a href=\"https:\/\/www.diarioimagen.net\/?attachment_id=608012\" rel=\"attachment wp-att-608012\"><img loading=\"lazy\" decoding=\"async\" aria-describedby=\"caption-attachment-608012\" class=\"size-full wp-image-608012\" src=\"https:\/\/www.diarioimagen.net\/wp-content\/uploads\/2024\/01\/uaem-deportistas-2.jpg\" alt=\"\" width=\"460\" height=\"270\" \/><\/a><p id=\"caption-attachment-608012\" class=\"wp-caption-text\">Participaron estudiantes del Plantel \u201cAdolfo L\u00f3pez Mateos\u201d de la Escuela Preparatoria, as\u00ed como de la Facultad de Artes.<\/p><\/div>\n<p>&nbsp;<\/p>\n<p><strong>Toluca, Estado de M\u00e9xico.\u2013<\/strong> Atletas de la Universidad Aut\u00f3noma del Estado de M\u00e9xico (UAEM\u00e9x) tomaron parte en el Campeonato Nacional de Campo Traviesa, celebrada en Quer\u00e9ndaro, Michoac\u00e1n, donde obtuvieron destacados resultados.<\/p>\n<p>El representativo de la Aut\u00f3noma Mexiquense, integrado por cuatro deportistas auriverdes, se emple\u00f3 a fondo para colocarse en los primeros lugares. En la categor\u00eda juvenil 6 kil\u00f3metros, M\u00f3nica Lizeth Mart\u00ednez Trejo, estudiante de la Facultad de Artes se ubic\u00f3 en el tercer pelda\u00f1o; mientras que la cuarta posici\u00f3n fue para Ximena L\u00f3pez Gonz\u00e1lez, estudiante del Plantel \u201cAdolfo L\u00f3pez Mateos\u201d de la Escuela Preparatoria.<\/p>\n<p>En la categor\u00eda libre de 10 kil\u00f3metros, Margarita Hern\u00e1ndez Flores consigui\u00f3 el segundo lugar; en tanto, Mar\u00eda Fernanda Medina Aramburo lleg\u00f3 en la octava posici\u00f3n.<\/p>\n<p>Los atletas de la Universidad Aut\u00f3noma del Estado de M\u00e9xico destacaron en este compromiso colocando en alto los colores verde y oro.<\/p>\n","protected":false},"excerpt":{"rendered":"<p>Atletas de la Universidad Aut\u00f3noma del Estado de M\u00e9xico (UAEM\u00e9x) tomaron parte en el Campeonato Nacional de Campo Traviesa, celebrada en Quer\u00e9ndaro, Michoac\u00e1n, donde obtuvieron destacados resultados.<\/p>\n","protected":false},"author":3,"featured_media":608012,"comment_status":"open","ping_status":"open","sticky":false,"template":"","format":"standard","meta":{"_monsterinsights_skip_tracking":false,"_monsterinsights_sitenote_active":false,"_monsterinsights_sitenote_note":"","_monsterinsights_sitenote_category":0,"footnotes":""},"categories":[5],"tags":[99285,43680,16505,43675,452,67878],"class_list":["post-607913","post","type-post","status-publish","format-standard","has-post-thumbnail","hentry","category-estado-de-mexico","tag-campeonato-nacional-de-campo-traviesa","tag-deportes","tag-deportistas","tag-estado-de-mexico","tag-toluca","tag-uaemex"],"_links":{"self":[{"href":"https:\/\/www.diarioimagen.net\/index.php?rest_route=\/wp\/v2\/posts\/607913","targetHints":{"allow":["GET"]}}],"collection":[{"href":"https:\/\/www.diarioimagen.net\/index.php?rest_route=\/wp\/v2\/posts"}],"about":[{"href":"https:\/\/www.diarioimagen.net\/index.php?rest_route=\/wp\/v2\/types\/post"}],"author":[{"embeddable":true,"href":"https:\/\/www.diarioimagen.net\/index.php?rest_route=\/wp\/v2\/users\/3"}],"replies":[{"embeddable":true,"href":"https:\/\/www.diarioimagen.net\/index.php?rest_route=%2Fwp%2Fv2%2Fcomments&post=607913"}],"version-history":[{"count":0,"href":"https:\/\/www.diarioimagen.net\/index.php?rest_route=\/wp\/v2\/posts\/607913\/revisions"}],"wp:featuredmedia":[{"embeddable":true,"href":"https:\/\/www.diarioimagen.net\/index.php?rest_route=\/wp\/v2\/media\/608012"}],"wp:attachment":[{"href":"https:\/\/www.diarioimagen.net\/index.php?rest_route=%2Fwp%2Fv2%2Fmedia&parent=607913"}],"wp:term":[{"taxonomy":"category","embeddable":true,"href":"https:\/\/www.diarioimagen.net\/index.php?rest_route=%2Fwp%2Fv2%2Fcategories&post=607913"},{"taxonomy":"post_tag","embeddable":true,"href":"https:\/\/www.diarioimagen.net\/index.php?rest_route=%2Fwp%2Fv2%2Ftags&post=607913"}],"curies":[{"name":"wp","href":"https:\/\/api.w.org\/{rel}","templated":true}]}}