{"id":607931,"date":"2024-01-26T00:02:46","date_gmt":"2024-01-26T06:02:46","guid":{"rendered":"https:\/\/www.diarioimagen.net\/?p=607931"},"modified":"2024-01-26T01:56:49","modified_gmt":"2024-01-26T07:56:49","slug":"lanzan-convocatoria-para-el-concurso-de-asignacion-a-la-educacion-media-superior","status":"publish","type":"post","link":"https:\/\/www.diarioimagen.net\/?p=607931","title":{"rendered":"Lanzan convocatoria para el concurso de asignaci\u00f3n a la educaci\u00f3n media superior"},"content":{"rendered":"<p>&nbsp;<\/p>\n<p><a href=\"https:\/\/www.diarioimagen.net\/?attachment_id=608027\" rel=\"attachment wp-att-608027\"><img loading=\"lazy\" decoding=\"async\" class=\"aligncenter size-full wp-image-608027\" src=\"https:\/\/www.diarioimagen.net\/wp-content\/uploads\/2024\/01\/lanzan-convocatoria.jpg\" alt=\"\" width=\"460\" height=\"270\" \/><\/a><\/p>\n<p>&nbsp;<\/p>\n<p><strong>Toluca, Estado de M\u00e9xico.\u2014 <\/strong>Para favorecer la ense\u00f1anza de las y los j\u00f3venes mexiquenses en el nivel de Bachillerato General, Tecnol\u00f3gico y Profesional T\u00e9cnico Bachiller, el gobierno de la maestra Delfina G\u00f3mez \u00c1lvarez, a trav\u00e9s de la Secretar\u00eda de Educaci\u00f3n, Ciencia, Tecnolog\u00eda e Innovaci\u00f3n (SECTI), y la Oficina de Enlace Educativo de la Secretar\u00eda de Educaci\u00f3n P\u00fablica (SEP), emiti\u00f3 la convocatoria para el Concurso de Asignaci\u00f3n a la Educaci\u00f3n Media Superior para los 103 municipios, promoci\u00f3n 2024.<\/p>\n<p>La convocatoria es para los planteles: Colegio de Bachilleres del Estado de M\u00e9xico, Escuela Preparatoria Oficial, Telebachillerato Comunitario, Centro de Bachillerato Tecnol\u00f3gico, Colegio de Estudios Cient\u00edficos y Tecnol\u00f3gicos del Estado de M\u00e9xico, Centro de Educaci\u00f3n Media Superior a Distancia y Colegio de Educaci\u00f3n Profesional T\u00e9cnica del Estado de M\u00e9xico. Tambi\u00e9n Centros de Estudios de Bachillerato, Centro de Bachillerato Tecnol\u00f3gico Agropecuario y Ciencias del Mar, Centro de Bachillerato Tecnol\u00f3gico Industrial y de Servicios y Centro de Estudios Tecnol\u00f3gicos Industrial y de Servicios, con excepci\u00f3n de los planteles que se ubican en los 22 municipios que forman parte de la Zona Metropolitana del Valle Cuautitl\u00e1n-Texcoco.<\/p>\n<p>Al respecto, Miguel \u00c1ngel Hern\u00e1ndez Espejel, titular de la Secretar\u00eda de Educaci\u00f3n de la entidad, expres\u00f3 que una de las estrategias educativas del Gobierno estatal es que las y los j\u00f3venes mexiquenses tengan m\u00e1s y mejores oportunidades de desarrollo a trav\u00e9s de la preparaci\u00f3n acad\u00e9mica, por lo que esta convocatoria va dirigida a los estudiantes que cursan la secundaria y la concluir\u00e1n en el presente ciclo escolar, y a los egresados de este nivel que ya cuentan con certificado.<\/p>\n","protected":false},"excerpt":{"rendered":"<p>Para favorecer la ense\u00f1anza de las y los j\u00f3venes mexiquenses en el nivel de Bachillerato General, Tecnol\u00f3gico y Profesional T\u00e9cnico Bachiller, el gobierno de la maestra Delfina G\u00f3mez \u00c1lvarez, a trav\u00e9s de la Secretar\u00eda de Educaci\u00f3n, Ciencia, Tecnolog\u00eda e Innovaci\u00f3n (SECTI), y la Oficina de Enlace Educativo de la Secretar\u00eda de Educaci\u00f3n P\u00fablica (SEP), emiti\u00f3 la convocatoria para el Concurso de Asignaci\u00f3n a la Educaci\u00f3n Media Superior para los 103 municipios, promoci\u00f3n 2024.<\/p>\n","protected":false},"author":3,"featured_media":608027,"comment_status":"open","ping_status":"open","sticky":false,"template":"","format":"standard","meta":{"_monsterinsights_skip_tracking":false,"_monsterinsights_sitenote_active":false,"_monsterinsights_sitenote_note":"","_monsterinsights_sitenote_category":0,"footnotes":""},"categories":[5],"tags":[87996,43675,82219,459,452],"class_list":["post-607931","post","type-post","status-publish","format-standard","has-post-thumbnail","hentry","category-estado-de-mexico","tag-asignacion","tag-estado-de-mexico","tag-media-superior","tag-sep","tag-toluca"],"_links":{"self":[{"href":"https:\/\/www.diarioimagen.net\/index.php?rest_route=\/wp\/v2\/posts\/607931","targetHints":{"allow":["GET"]}}],"collection":[{"href":"https:\/\/www.diarioimagen.net\/index.php?rest_route=\/wp\/v2\/posts"}],"about":[{"href":"https:\/\/www.diarioimagen.net\/index.php?rest_route=\/wp\/v2\/types\/post"}],"author":[{"embeddable":true,"href":"https:\/\/www.diarioimagen.net\/index.php?rest_route=\/wp\/v2\/users\/3"}],"replies":[{"embeddable":true,"href":"https:\/\/www.diarioimagen.net\/index.php?rest_route=%2Fwp%2Fv2%2Fcomments&post=607931"}],"version-history":[{"count":0,"href":"https:\/\/www.diarioimagen.net\/index.php?rest_route=\/wp\/v2\/posts\/607931\/revisions"}],"wp:featuredmedia":[{"embeddable":true,"href":"https:\/\/www.diarioimagen.net\/index.php?rest_route=\/wp\/v2\/media\/608027"}],"wp:attachment":[{"href":"https:\/\/www.diarioimagen.net\/index.php?rest_route=%2Fwp%2Fv2%2Fmedia&parent=607931"}],"wp:term":[{"taxonomy":"category","embeddable":true,"href":"https:\/\/www.diarioimagen.net\/index.php?rest_route=%2Fwp%2Fv2%2Fcategories&post=607931"},{"taxonomy":"post_tag","embeddable":true,"href":"https:\/\/www.diarioimagen.net\/index.php?rest_route=%2Fwp%2Fv2%2Ftags&post=607931"}],"curies":[{"name":"wp","href":"https:\/\/api.w.org\/{rel}","templated":true}]}}