{"id":608056,"date":"2024-01-29T00:06:01","date_gmt":"2024-01-29T06:06:01","guid":{"rendered":"https:\/\/www.diarioimagen.net\/?p=608056"},"modified":"2024-01-29T22:03:14","modified_gmt":"2024-01-30T04:03:14","slug":"licenciatura-en-enfermeria-de-la-uaemex-cuenta-con-acreditacion-internacional","status":"publish","type":"post","link":"https:\/\/www.diarioimagen.net\/?p=608056","title":{"rendered":"Licenciatura en Enfermer\u00eda, de la UAEM\u00e9x, cuenta con acreditaci\u00f3n internacional"},"content":{"rendered":"<p>&nbsp;<\/p>\n<div id=\"attachment_608157\" style=\"width: 470px\" class=\"wp-caption aligncenter\"><a href=\"https:\/\/www.diarioimagen.net\/?attachment_id=608157\" rel=\"attachment wp-att-608157\"><img loading=\"lazy\" decoding=\"async\" aria-describedby=\"caption-attachment-608157\" class=\"size-full wp-image-608157\" src=\"https:\/\/www.diarioimagen.net\/wp-content\/uploads\/2024\/01\/uaem-licenciatura.jpg\" alt=\"\" width=\"460\" height=\"270\" \/><\/a><p id=\"caption-attachment-608157\" class=\"wp-caption-text\">El rector de la UAEM\u00e9x, Carlos Eduardo Barrera D\u00edaz, recibi\u00f3 los documentos de la acreditaci\u00f3n internacional y la reacreditaci\u00f3n nacional, en el marco del cuarto informe de actividades de la directora de dicha Facultad, Gloria \u00c1ngeles \u00c1vila.<\/p><\/div>\n<p>&nbsp;<\/p>\n<p><strong>Toluca, Estado de M\u00e9xico.\u2014<\/strong> La Licenciatura en Enfermer\u00eda de la Facultad de Enfermer\u00eda y Obstetricia de la Universidad Aut\u00f3noma del Estado de M\u00e9xico (UAEM\u00e9x) recibi\u00f3 la reacreditaci\u00f3n nacional y la acreditaci\u00f3n internacional, por un periodo de cinco a\u00f1os, por el Consejo Mexicano para la Acreditaci\u00f3n de la Enfermer\u00eda (COMACE) y la Agencia Acreditadora AcreditAcci\u00f3n, por cumplir con estrictos requisitos de calidad educativa.<\/p>\n<p>El rector de la UAEM\u00e9x, Carlos Eduardo Barrera D\u00edaz, recibi\u00f3 de manos de la presidenta del COMACE, Cinthya Patricia Ibarra Gonz\u00e1lez, los documentos de ambas acreditaciones, en el marco del cuarto informe de actividades de la directora de dicha Facultad, Gloria \u00c1ngeles \u00c1vila.<\/p>\n<p>Luego de entregar a la comunidad de este espacio universitario el edificio para la Licenciatura en Gerontolog\u00eda, as\u00ed como su equipamiento, adem\u00e1s de 37 computadoras y siete pantallas, Barrera D\u00edaz destac\u00f3 que 100 por ciento del alumnado de estudios profesionales de la Facultad cursa programas de calidad certificada por \u00f3rganos externos.<\/p>\n<p>Adem\u00e1s, abund\u00f3, la Maestr\u00eda en Enfermer\u00eda, con cinco \u00e1reas de concentraci\u00f3n: perinatal, cuidados cr\u00edticos, quir\u00fargica, urgencias y gesti\u00f3n en enfermer\u00eda, est\u00e1 registrada en el Sistema Nacional de Posgrados y tiene una matr\u00edcula de 49 estudiantes, 96 por ciento de los cuales, obtuvieron la beca del Consejo Nacional de Humanidades, Ciencias y Tecnolog\u00edas (CONAHCyT) para estudios de posgrado en 2023.<\/p>\n<p>Indic\u00f3 que la conclusi\u00f3n del edificio para la Licenciatura en Gerontolog\u00eda en el Campus \u201cEl Rosedal\u201d y el equipamiento con el instrumental y aparatos necesarios para fortalecer las actividades acad\u00e9micas de este programa fue una prioridad para la gesti\u00f3n que encabeza.<\/p>\n<p>De igual manera, Carlos Eduardo Barrera D\u00edaz subray\u00f3 el esfuerzo de la comunidad de la Facultad de Enfermer\u00eda y Obstetricia para editar dos n\u00fameros de la revista de investigaci\u00f3n S<em>alud y Cuidado, <\/em>que ya se encuentra en la base de datos de Open Journal Systems y en el Sistema Latindex.<\/p>\n<p>Antes de entregar, en representaci\u00f3n de la comunidad de esta facultad, un reconocimiento al rector Carlos Eduardo Barrera D\u00edaz, por la entrega del edificio de Gerontolog\u00eda, que contribuye a la formaci\u00f3n integral de estudiantes en el \u00e1rea de la salud, Gloria \u00c1ngeles \u00c1vila inform\u00f3 que la Facultad de Enfermer\u00eda y Obstetricia cuenta con una matr\u00edcula de mil 716 estudiantes: mil 553 en la Licenciatura en Enfermer\u00eda y 163 en la Licenciatura en Gerontolog\u00eda, con una eficiencia terminal superior a 80 por ciento.<\/p>\n<p>Adem\u00e1s, dijo, este espacio acad\u00e9mico cuenta con 36 Profesores de Tiempo Completo, 28 de los cuales tienen el grado de doctor y tres son miembros del Sistema Nacional de Investigadoras e Investigadores (SNII). Asimismo, precis\u00f3, durante el \u00faltimo a\u00f1o se registraron 16 proyectos de investigaci\u00f3n, de los cuales cuatro cuentan con financiamiento de la UAEM\u00e9x.<\/p>\n<p>Cabe destacar que en el marco de este ejercicio de rendici\u00f3n de cuentas se depositaron diversos objetos en una c\u00e1psula del tiempo que se abrir\u00e1 en el a\u00f1o 2048.<\/p>\n","protected":false},"excerpt":{"rendered":"<p>La Licenciatura en Enfermer\u00eda de la Facultad de Enfermer\u00eda y Obstetricia de la Universidad Aut\u00f3noma del Estado de M\u00e9xico (UAEM\u00e9x) recibi\u00f3 la reacreditaci\u00f3n nacional y la acreditaci\u00f3n internacional, por un periodo de cinco a\u00f1os, por el Consejo Mexicano para la Acreditaci\u00f3n de la Enfermer\u00eda (COMACE) y la Agencia Acreditadora AcreditAcci\u00f3n, por cumplir con estrictos requisitos de calidad educativa.<\/p>\n","protected":false},"author":3,"featured_media":608157,"comment_status":"open","ping_status":"open","sticky":false,"template":"","format":"standard","meta":{"_monsterinsights_skip_tracking":false,"_monsterinsights_sitenote_active":false,"_monsterinsights_sitenote_note":"","_monsterinsights_sitenote_category":0,"footnotes":""},"categories":[5],"tags":[99291,92667,52449,67878],"class_list":["post-608056","post","type-post","status-publish","format-standard","has-post-thumbnail","hentry","category-estado-de-mexico","tag-acreditacion","tag-carlos-eduardo-barrera-diaz","tag-internacional","tag-uaemex"],"_links":{"self":[{"href":"https:\/\/www.diarioimagen.net\/index.php?rest_route=\/wp\/v2\/posts\/608056","targetHints":{"allow":["GET"]}}],"collection":[{"href":"https:\/\/www.diarioimagen.net\/index.php?rest_route=\/wp\/v2\/posts"}],"about":[{"href":"https:\/\/www.diarioimagen.net\/index.php?rest_route=\/wp\/v2\/types\/post"}],"author":[{"embeddable":true,"href":"https:\/\/www.diarioimagen.net\/index.php?rest_route=\/wp\/v2\/users\/3"}],"replies":[{"embeddable":true,"href":"https:\/\/www.diarioimagen.net\/index.php?rest_route=%2Fwp%2Fv2%2Fcomments&post=608056"}],"version-history":[{"count":0,"href":"https:\/\/www.diarioimagen.net\/index.php?rest_route=\/wp\/v2\/posts\/608056\/revisions"}],"wp:featuredmedia":[{"embeddable":true,"href":"https:\/\/www.diarioimagen.net\/index.php?rest_route=\/wp\/v2\/media\/608157"}],"wp:attachment":[{"href":"https:\/\/www.diarioimagen.net\/index.php?rest_route=%2Fwp%2Fv2%2Fmedia&parent=608056"}],"wp:term":[{"taxonomy":"category","embeddable":true,"href":"https:\/\/www.diarioimagen.net\/index.php?rest_route=%2Fwp%2Fv2%2Fcategories&post=608056"},{"taxonomy":"post_tag","embeddable":true,"href":"https:\/\/www.diarioimagen.net\/index.php?rest_route=%2Fwp%2Fv2%2Ftags&post=608056"}],"curies":[{"name":"wp","href":"https:\/\/api.w.org\/{rel}","templated":true}]}}