{"id":608352,"date":"2024-01-31T00:06:01","date_gmt":"2024-01-31T06:06:01","guid":{"rendered":"https:\/\/www.diarioimagen.net\/?p=608352"},"modified":"2024-01-31T21:58:32","modified_gmt":"2024-02-01T03:58:32","slug":"encabeza-uaemex-grupo-multinacional-de-investigadores-sobre-federalismo","status":"publish","type":"post","link":"https:\/\/www.diarioimagen.net\/?p=608352","title":{"rendered":"Encabeza UAEM\u00e9x grupo multinacional de investigadores sobre federalismo"},"content":{"rendered":"<p>&nbsp;<\/p>\n<div id=\"attachment_608431\" style=\"width: 470px\" class=\"wp-caption aligncenter\"><a href=\"https:\/\/www.diarioimagen.net\/?attachment_id=608431\" rel=\"attachment wp-att-608431\"><img loading=\"lazy\" decoding=\"async\" aria-describedby=\"caption-attachment-608431\" class=\"size-full wp-image-608431\" src=\"https:\/\/www.diarioimagen.net\/wp-content\/uploads\/2024\/01\/uaem-encabeza.jpg\" alt=\"\" width=\"460\" height=\"270\" \/><\/a><p id=\"caption-attachment-608431\" class=\"wp-caption-text\">La Unidad Acad\u00e9mica Profesional Cuautitl\u00e1n Izcalli de la Universidad Aut\u00f3noma del Estado de M\u00e9xico integr\u00f3 un grupo de 10 investigadores de cinco naciones.<\/p><\/div>\n<p>&nbsp;<\/p>\n<p><strong>Cuautitl\u00e1n, Estado de M\u00e9xico.\u2014 <\/strong>Para realizar trabajo de investigaci\u00f3n sobre federalismo y relaciones intergubernamentales, la Unidad Acad\u00e9mica Profesional Cuautitl\u00e1n Izcalli de la Universidad Aut\u00f3noma del Estado de M\u00e9xico (UAEM\u00e9x) integr\u00f3 un grupo conformado por 10 investigadores de cinco naciones: Brasil, Argentina, Alemania, Espa\u00f1a y M\u00e9xico.<\/p>\n<p>Joel Mendoza Ruiz, catedr\u00e1tico e investigador de este campus de la Aut\u00f3noma mexiquense, refiri\u00f3 que expertos de los centros universitarios Texcoco y Zumpango de la UAEM\u00e9x, El Colegio de M\u00e9xico, la Universidad Popular Aut\u00f3noma de Puebla \u2013M\u00e9xico-, la Universidad Libre de Berl\u00edn \u2013Alemania-, la Fundaci\u00f3n Getulio Vargas \u2013Brasil-, la Universidad Nacional de Educaci\u00f3n a Distancia \u2013Espa\u00f1a-, la Universidad Nacional de C\u00f3rdoba y la Ciudad Aut\u00f3noma de Buenos Aires \u2013Argentina- conforman una red, un equipo que trabaja de manera conjunta para comparar entre federaciones iberoamericanas.<\/p>\n<p>Desde 2019 tenemos un proyecto de ciencia b\u00e1sica financiado por el Consejo Nacional de Humanidades, Ciencias y Tecnolog\u00edas (CONAHCYT) que tiene que ver con las salvaguardas federales, en una primera etapa, con la teor\u00eda constitucional, en una segunda etapa, y con ciertas particularidades de las relaciones intergubernamentales en esta tercera etapa, que es la que se est\u00e1 desarrollando, puntualiz\u00f3 el universitario.<\/p>\n<p>El proyecto de investigaci\u00f3n, afirm\u00f3 Mendoza Ruiz, es el mecanismo mediante el cual se pueden financiar estancias acad\u00e9micas, la asistencia a congresos y cualquier actividad que catalice el trabajo de investigaci\u00f3n, ya que el grupo puede interactuar de una manera m\u00e1s contin\u00faa. Hasta ahora, abund\u00f3, tenemos dos libros publicados y estamos por publicar otros tres. Los que ya fueron publicados son <em>Gesti\u00f3n de interdependencias en sistemas federales<\/em>, de la colega alemana Johanna Schnabel, y Las salvaguardas federales en Argentina, Brasil y M\u00e9xico: relaciones, l\u00edmites y contrapesos, de Eduardo Jos\u00e9 Grin y un servidor.<\/p>\n<p>Precis\u00f3 que el trabajo ic\u00f3nico de Johanna Schnabel fue traducido al espa\u00f1ol y publicado por la Universidad Aut\u00f3noma del Estado de M\u00e9xico, con un estudio introductorio realizado por investigadores de Argentina, Brasil y M\u00e9xico.<\/p>\n<p>El libro sobre salvaguardas federales, indic\u00f3, fue recientemente publicado por la Universidad Nacional de C\u00f3rdoba, Argentina, y es el que estamos promoviendo actualmente.<\/p>\n<p>Los libros por publicar abundan sobre teor\u00eda constitucional, que va a publicar El Colegio de M\u00e9xico; un libro en ingl\u00e9s sobre la ense\u00f1anza del federalismo a nivel global, que va a publicar Routledge, una empresa editorial brit\u00e1nica, y un libro did\u00e1ctico que todav\u00eda no tenemos decidido con qu\u00e9 editorial publicar, concluy\u00f3 Joel Mendoza Ruiz.<\/p>\n","protected":false},"excerpt":{"rendered":"<p>Para realizar trabajo de investigaci\u00f3n sobre federalismo y relaciones intergubernamentales, la Unidad Acad\u00e9mica Profesional Cuautitl\u00e1n Izcalli de la Universidad Aut\u00f3noma del Estado de M\u00e9xico (UAEM\u00e9x) integr\u00f3 un grupo conformado por 10 investigadores de cinco naciones: Brasil, Argentina, Alemania, Espa\u00f1a y M\u00e9xico.<\/p>\n","protected":false},"author":3,"featured_media":608431,"comment_status":"open","ping_status":"open","sticky":false,"template":"","format":"standard","meta":{"_monsterinsights_skip_tracking":false,"_monsterinsights_sitenote_active":false,"_monsterinsights_sitenote_note":"","_monsterinsights_sitenote_category":0,"footnotes":""},"categories":[5],"tags":[681,43675,97293],"class_list":["post-608352","post","type-post","status-publish","format-standard","has-post-thumbnail","hentry","category-estado-de-mexico","tag-cuautitlan","tag-estado-de-mexico","tag-federalismo"],"_links":{"self":[{"href":"https:\/\/www.diarioimagen.net\/index.php?rest_route=\/wp\/v2\/posts\/608352","targetHints":{"allow":["GET"]}}],"collection":[{"href":"https:\/\/www.diarioimagen.net\/index.php?rest_route=\/wp\/v2\/posts"}],"about":[{"href":"https:\/\/www.diarioimagen.net\/index.php?rest_route=\/wp\/v2\/types\/post"}],"author":[{"embeddable":true,"href":"https:\/\/www.diarioimagen.net\/index.php?rest_route=\/wp\/v2\/users\/3"}],"replies":[{"embeddable":true,"href":"https:\/\/www.diarioimagen.net\/index.php?rest_route=%2Fwp%2Fv2%2Fcomments&post=608352"}],"version-history":[{"count":0,"href":"https:\/\/www.diarioimagen.net\/index.php?rest_route=\/wp\/v2\/posts\/608352\/revisions"}],"wp:featuredmedia":[{"embeddable":true,"href":"https:\/\/www.diarioimagen.net\/index.php?rest_route=\/wp\/v2\/media\/608431"}],"wp:attachment":[{"href":"https:\/\/www.diarioimagen.net\/index.php?rest_route=%2Fwp%2Fv2%2Fmedia&parent=608352"}],"wp:term":[{"taxonomy":"category","embeddable":true,"href":"https:\/\/www.diarioimagen.net\/index.php?rest_route=%2Fwp%2Fv2%2Fcategories&post=608352"},{"taxonomy":"post_tag","embeddable":true,"href":"https:\/\/www.diarioimagen.net\/index.php?rest_route=%2Fwp%2Fv2%2Ftags&post=608352"}],"curies":[{"name":"wp","href":"https:\/\/api.w.org\/{rel}","templated":true}]}}