{"id":608395,"date":"2024-01-31T00:05:22","date_gmt":"2024-01-31T06:05:22","guid":{"rendered":"https:\/\/www.diarioimagen.net\/?p=608395"},"modified":"2024-01-30T23:22:24","modified_gmt":"2024-01-31T05:22:24","slug":"los-culpables-del-presidente","status":"publish","type":"post","link":"https:\/\/www.diarioimagen.net\/?p=608395","title":{"rendered":"Los culpables del Presidente"},"content":{"rendered":"<h2>Perfil de M\u00e9xico<\/h2>\n<h5>Armando R\u00edos Ruiz<\/h5>\n<p>&nbsp;<\/p>\n<p>Desde el comienzo de este sexenio, el Primer Mandatario inici\u00f3 el ejercicio m\u00e1s accidentado y pernicioso de que se tenga memoria. No conforme con discurrir todos los desatinos posibles, tambi\u00e9n impuso la disparatada idea de exhibirlos con una gran inconsciencia y como si se tratara de genialidades, que a la fecha han convertido su figura toda en un gigantesco disparate.<\/p>\n<p>Llen\u00f3 su ma\u00f1anera con remedos de periodistas que van a ocupar el espacio a cambio de un sueldo por no escribir en ning\u00fan medio. Raras veces ha permitido la entrada de los aut\u00e9nticos, que siempre, sin fallar, lo han puesto en rid\u00edculo por conocer mucho los temas que le tratan y por aguantarle respuestas con cifras alegres que nada tienen que ver con la realidad.<\/p>\n<p>Por eso se hizo c\u00e9lebre su frase \u201cyo tengo otros datos\u201d, que las redes sociales se han encargado de difundir siempre con burla, porque representa la salida f\u00e1cil o el antecedente de la mentira siempre a flor de labios y tambi\u00e9n el intento de \u201cmatar el gallo\u201d, como se dice vulgarmente cuando alguien desea poner un freno contundente a su favor, en una discusi\u00f3n.<\/p>\n<p>Esos pocos periodistas, sin excepci\u00f3n, han hecho que la soberbia acompa\u00f1ada de una ignorancia supina, asomen irremediablemente en la figura presidencial, rebajada a los s\u00f3tanos de la cordura por querer aparecer siempre como un superdotado, cuando en realidad se trata de lo contrario. O de un hombre con una evidente falta de inteligencia. Muchos que lo llamaban genio de la publicidad han tenido que aceptar, ahora, que est\u00e1 a a\u00f1os luz de serlo.<\/p>\n<p>Cada d\u00eda que se enfrenta a quienes \u00e9l mismo se encarg\u00f3 de fabricar como enemigos, como Loret de Mola, Brozo, L\u00f3pez D\u00f3riga, Ciro G\u00f3mez Leyva y much\u00edsimos m\u00e1s, resulta en serias desventajas porque inmediatamente asoma la diferencia de mentalidades y la distancia abismal en la manera de discutir con ellos, que lo rebasan con creces.<\/p>\n<p>Hasta resulta incomprensible por qu\u00e9 ha permitido la entrada a Jorge Ramos, con acertada carrera period\u00edstica, titular hoy de Univisi\u00f3n, quien cada vez que participa en una ma\u00f1anera despoja al Presidente de su investidura para colocarla en los laberintos de la falsedad, con respuestas que jam\u00e1s vienen al caso, emitidas para salir del atolladero en que se mete por s\u00ed solo.<\/p>\n<p>No le gustan los periodistas serios. O los quisiera desprovistos de la m\u00ednima inteligencia y plegados a sus caprichos. No los quiere cr\u00edticos, cuando esta es una de sus principales funciones. Los quiere como los que van a sus ma\u00f1aneras a sentarse y a aplaudir las respuestas s\u00f3rdidas, fuera de contexto y muy alejadas de la realidad o dentro de esa realidad que s\u00f3lo \u00e9l vive.<\/p>\n<p>No ha existido una ocasi\u00f3n en que Jorge Ramos no lo haya hecho ver mal. Pero la \u00faltima fue desastrosa para el interrogado, quien se atrevi\u00f3 a decir como siempre una serie de barbaridades, como aquello de que la criminalidad ha descendido, a\u00fan cuando las cifras recabadas por el periodista en el archivero de su mismo gobierno, arrojan datos espeluznantes. Obviamente, el necio y el pagado de s\u00ed mismo jam\u00e1s admitir\u00e1n que est\u00e1n equivocados.<\/p>\n<p>Se acuerda de Genaro Garc\u00eda Luna cuando quiere desembarazarse de la pregunta inc\u00f3moda. Esto le ha valido que otros digan que nada m\u00e1s hace falta responsabilizarlo de haberle quemado los pies a Cuauht\u00e9moc. En cualquier momento, tambi\u00e9n podr\u00eda afirmar que quien realmente est\u00e1 detr\u00e1s de la venta de medicamentos en Quintana Roo, es el ex polic\u00eda de Felipe Calder\u00f3n.<\/p>\n<p>Por cierto, Jorge Ramos lo dej\u00f3 tan fuera de s\u00ed en esta ma\u00f1anera, que cuando le preguntaron sobre el hackeo a 267 periodistas de sus conferencias matutinas, dijo que fue orquestado por sus adversarios, pero sin ofrecer la m\u00ednima prueba. Inmediatamente encontr\u00f3 culpables sin mediar una investigaci\u00f3n. Su olfato de sabueso polic\u00edaco no puede fallar.<\/p>\n<p>Germ\u00e1n Mart\u00ednez dijo que el \u00fanico responsable es el mismo Presidente, porque tiene obligaci\u00f3n de cuidar los datos que le guardan en una base datos. Pero si los hackers fueron capaces de penetrar a la misma Secretar\u00eda de la Defensa, \u00bfqu\u00e9 no pueden hacer con la presidencia, que es m\u00e1s vulnerable?<\/p>\n<p>Solo que, para el Primer Mandatario, siempre ser\u00e1n culpables los que su obsesi\u00f3n les se\u00f1ala. Antes no pens\u00f3 en esta otra ocasi\u00f3n en Garc\u00eda Luna, amo y se\u00f1or de sus desvelos, junto con el ex presidente Calder\u00f3n.<\/p>\n<p><a href=\"mailto:ariosruiz@gmail.com\" target=\"_blank\" rel=\"noopener noreferrer\"><em>ariosruiz@gmail.com<\/em><\/a><\/p>\n","protected":false},"excerpt":{"rendered":"<p><span style=\"color: #005497;\"><strong>Armando R\u00edos Ruiz<\/strong><\/span><\/p>\n","protected":false},"author":3,"featured_media":0,"comment_status":"open","ping_status":"open","sticky":false,"template":"","format":"standard","meta":{"_monsterinsights_skip_tracking":false,"_monsterinsights_sitenote_active":false,"_monsterinsights_sitenote_note":"","_monsterinsights_sitenote_category":0,"footnotes":""},"categories":[88405],"tags":[88407,43674,91193],"class_list":["post-608395","post","type-post","status-publish","format-standard","hentry","category-armando-rios-ruiz","tag-armando-rios-ruiz","tag-opinion","tag-perfil-de-mexico"],"_links":{"self":[{"href":"https:\/\/www.diarioimagen.net\/index.php?rest_route=\/wp\/v2\/posts\/608395","targetHints":{"allow":["GET"]}}],"collection":[{"href":"https:\/\/www.diarioimagen.net\/index.php?rest_route=\/wp\/v2\/posts"}],"about":[{"href":"https:\/\/www.diarioimagen.net\/index.php?rest_route=\/wp\/v2\/types\/post"}],"author":[{"embeddable":true,"href":"https:\/\/www.diarioimagen.net\/index.php?rest_route=\/wp\/v2\/users\/3"}],"replies":[{"embeddable":true,"href":"https:\/\/www.diarioimagen.net\/index.php?rest_route=%2Fwp%2Fv2%2Fcomments&post=608395"}],"version-history":[{"count":0,"href":"https:\/\/www.diarioimagen.net\/index.php?rest_route=\/wp\/v2\/posts\/608395\/revisions"}],"wp:attachment":[{"href":"https:\/\/www.diarioimagen.net\/index.php?rest_route=%2Fwp%2Fv2%2Fmedia&parent=608395"}],"wp:term":[{"taxonomy":"category","embeddable":true,"href":"https:\/\/www.diarioimagen.net\/index.php?rest_route=%2Fwp%2Fv2%2Fcategories&post=608395"},{"taxonomy":"post_tag","embeddable":true,"href":"https:\/\/www.diarioimagen.net\/index.php?rest_route=%2Fwp%2Fv2%2Ftags&post=608395"}],"curies":[{"name":"wp","href":"https:\/\/api.w.org\/{rel}","templated":true}]}}