{"id":608426,"date":"2024-01-31T00:01:22","date_gmt":"2024-01-31T06:01:22","guid":{"rendered":"https:\/\/www.diarioimagen.net\/?p=608426"},"modified":"2024-01-31T01:30:26","modified_gmt":"2024-01-31T07:30:26","slug":"guanajuato-reafirmo-acuerdo-para-desarrollar-por-tercer-ano-consecutivo-el-sustainable-social-tourism-summit","status":"publish","type":"post","link":"https:\/\/www.diarioimagen.net\/?p=608426","title":{"rendered":"Guanajuato reafirm\u00f3 acuerdo para desarrollar, por tercer a\u00f1o consecutivo, el <em>\u201cSustainable &#038; Social Tourism Summit\u201d<\/em>"},"content":{"rendered":"<h2>De cinco estrellas<\/h2>\n<h5>Victoria Gonz\u00e1lez Prado<\/h5>\n<p>&nbsp;<\/p>\n<ul>\n<li><strong><em>Miguel Torruco Marqu\u00e9s, secretario de turismo federal, tom\u00f3 protesta a Karin Baldamus como presidente de la AFEET para el periodo 2024-2025<\/em><\/strong><\/li>\n<\/ul>\n<p>&nbsp;<\/p>\n<div id=\"attachment_608464\" style=\"width: 470px\" class=\"wp-caption aligncenter\"><a href=\"https:\/\/www.diarioimagen.net\/?attachment_id=608464\" rel=\"attachment wp-att-608464\"><img loading=\"lazy\" decoding=\"async\" aria-describedby=\"caption-attachment-608464\" class=\"size-full wp-image-608464\" src=\"https:\/\/www.diarioimagen.net\/wp-content\/uploads\/2024\/01\/turismo-estrellas-10.jpg\" alt=\"\" width=\"460\" height=\"270\" \/><\/a><p id=\"caption-attachment-608464\" class=\"wp-caption-text\">Guanajuato present\u00f3 en la Fitur el Sustainable &amp; Social Tourism Summit.<\/p><\/div>\n<p>&nbsp;<\/p>\n<p><strong>Madrid, Espa\u00f1a.\u2014<\/strong> En el marco de la Feria Internacional de Turismo (Fitur 2024) aqu\u00ed en Ifema Madrid, Guanajuato reafirm\u00f3 un acuerdo para desarrollar, por tercer a\u00f1o consecutivo, el <em>\u201cSustainable &amp; Social Tourism Summit\u201d, <\/em>que tiene por objetivo enlazar a profesionales y generar oportunidades de negocio por medio de sus espacios virtuales y presenciales y aportar soluciones a problemas de sustentabilidad, solidaridad y responsabilidad social en el turismo a trav\u00e9s de diversas herramientas como conferencias, paneles, talleres, capacitaci\u00f3n y <em>networking,<\/em> entre otras.<\/p>\n<p>Guanajuato es un destino que lidera acciones que promueven desarrollo de turismo responsable. Por este motivo, es importante para la Secretar\u00eda de Turismo de la entidad continuar con el trabajo colaborativo con el <em>Sustainable &amp; Social Tourism Summit<\/em>, la Organizaci\u00f3n Mundial del Turismo (OMT), y la Organizaci\u00f3n Internacional de Turismo Social (ISTO), por mencionar algunos organismos involucrados en el <em>Summit<\/em> y comprometidos con el medio ambiente.<\/p>\n<p><strong>Juan Jos\u00e9 \u00c1lvarez Brunel<\/strong>, secretario de Turismo de Guanajuato, estrech\u00f3 lazos de colaboraci\u00f3n con <strong>Fernando Mandri Bellot<\/strong>, presidente del <em>Sustainable &amp; Social Tourism Summit<\/em>, a fin de realizar la octava edici\u00f3n en el municipio de Le\u00f3n, del 03 al 06 de julio, con el tema central: \u201cResultados que impactan, compromisos que inspiran\u201d.<\/p>\n<p>Acompa\u00f1ados, en el stand de M\u00e9xico, por <strong>Vicente Ferreyra<\/strong> y <strong>Sergio Rodr\u00edguez<\/strong>, vicepresidentes de Turismo Sustentable y Turismo Social, respectivamente; <strong>Isabel Novoa<\/strong>, presidente de la Organizaci\u00f3n Internacional de Turismo Social (ISTO), y <strong>Dirk Glaesser<\/strong>, director de Turismo Sostenible OMT, se acord\u00f3 que este a\u00f1o se va a dar seguimiento a los temas y compromisos de la edici\u00f3n 2023 y se continuar\u00e1 con el trabajo colaborativo con otros organismos nacionales e internacionales.<\/p>\n<p><em>Sustainable &amp; Social Tourism Summit<\/em> surgi\u00f3 en 2017 como respuesta a la necesidad de contar con un espacio permanente de encuentro e intercambio que promueva nuevos modelos de gesti\u00f3n, desarrollo y otorgue soluciones y herramientas para turismo m\u00e1s responsable.<\/p>\n<p>A lo largo de siete a\u00f1os, el <em>Summit<\/em> ha sido reconocido como el evento de turismo sustentable y socialmente responsable m\u00e1s importante de Iberoam\u00e9rica. Est\u00e1 dirigido a profesionales relacionados, directa o indirectamente, con el turismo, el medio ambiente y el desarrollo social.<\/p>\n<p>Para este a\u00f1o 2024, en Le\u00f3n, Guanajuato, se contar\u00e1 con diversos espacios para que los participantes puedan realizar <em>networking,<\/em> se realizar\u00e1 la 3ra. edici\u00f3n del Premio Turismo Sostenible y Social en Iberoam\u00e9rica, y se impartir\u00e1 un taller para profesionales en coordinaci\u00f3n con el Centro dependiente de la Agencia de Naciones Unidas UNITAR, CIFAl, M\u00e1laga.<\/p>\n<p>En las siete ediciones anteriores (2017-2023), el programa t\u00e9cnico reuni\u00f3 a m\u00e1s de 345 conferencistas de talla internacional, 35 pai\u0301ses de los cinco continentes que debatieron, opinaron y compartieron conocimientos, experiencias y buenas pr\u00e1cticas y reunieron m\u00e1s de 4 mil 290 participantes profesionales y especialistas del m\u00e1s alto nivel<\/p>\n<p>En lo que compete a Guanajuato, las ediciones 2022 y 2023 se realizaron con \u00e9xito impulsando acciones de innovaci\u00f3n. Por mencionar algunos, se llevaron a cabo la primera y segunda edicio\u0301n del Premio al Turismo Sostenible y Social en Iberoame\u0301rica, panel en el marco de la alianza entre Uni\u00f3n de Secretarios de Turismo de M\u00e9xico y la Asociaci\u00f3n Nacional de Autoridades Ambientales Estatales como parte del convenio de colaboraci\u00f3n para alinear agendas y trabajar en conjunto en temas de turismo y medio ambiente.<\/p>\n<p>Guanajuato, a trav\u00e9s de la Sectur, compensa la huella de carbono motivando a los asistentes en apoyar en la regeneraci\u00f3n de bosques en el Proyecto Emblema \u201cCuenca la Soledad\u201d y \u201cCuenca La Esperanza\u201d.<\/p>\n<p>\u2730\u2730\u2730\u2730\u2730<strong> Karin Baldamus<\/strong> fue reelecta como presidente de la Asociaci\u00f3n Femenil de Ejecutivas de Empresas Tur\u00edsticas (AFEET). La toma de protesta para el periodo 2024-2025, fue encabezada por <strong>Miguel Torruco Marqu\u00e9s<\/strong>, secretario de Turismo federal, quien exalt\u00f3 la labor de la mujer en el turismo.<\/p>\n<p><strong>Karin Baldamus<\/strong> al hacer uso de la palabra, reconoci\u00f3 la labor y el trabajo de la mesa directiva anterior y se comprometi\u00f3 a seguir: \u201cdesempe\u00f1ando mis funciones con integridad, transparencia y dedicaci\u00f3n. Su confianza me inspira a trabajar incansablemente para construir el futuro con una asociaci\u00f3n m\u00e1s unida, estructurada y con m\u00e1s socias\u201d.<\/p>\n<p>La reuni\u00f3n fue patrocinada por la Secretar\u00eda de Turismo de Yucat\u00e1n, que dirige <strong>Michelle Fridman<\/strong> y la empresa de representaciones <em>Global Marketing &amp; Sales<\/em> (GMS), que dirige <strong>Alex Pace<\/strong>.<\/p>\n<p><strong>Baldamus<\/strong> agradeci\u00f3 la confianza de las socias, y mencion\u00f3 que s\u00f3lo juntas pueden enfrentar los desaf\u00edos en pro de la asociaci\u00f3n y reconoci\u00f3 el trabajo de cada una de las presidentes que han contribuido a que la AFEET siga en pie y con esfuerzo y amor sea considerada hoy la mejor asociaci\u00f3n del sector.<\/p>\n<p>De igual forma, se comprometi\u00f3 a establecer comunicaci\u00f3n abierta con las asociadas, ya que s\u00f3lo a trav\u00e9s de la participaci\u00f3n, el trabajo y capacitaci\u00f3n se crea una agrupaci\u00f3n m\u00e1s fuerte.<\/p>\n<p>En su oportunidad, <strong>Michel Fridman<\/strong> destac\u00f3 la importancia de la mujer en el sector y comparti\u00f3 los logros de Yucat\u00e1n y la proyecci\u00f3n que ha tenido el destino en M\u00e9xico y el mundo. Destac\u00f3 la labor que han hecho por el turismo como motor de beneficio que llega a los bolsillos de los los yucatecos y de todos los mexicanos. \u201cDespu\u00e9s de la pandemia cerramos con 19 por ciento arriba\u201d, dijo <strong>Fridman<\/strong> al se\u00f1alar que llegaron en 2023 2.4 millones de viajeros al destino.<\/p>\n<p>Se\u00f1al\u00f3 que uno de los factores que contribuy\u00f3 al crecimiento de Yucat\u00e1n fue el incremento de la conectividad a\u00e9rea gracias al nuevo <em>hub<\/em> a\u00e9reo de Viva Aerobus y, 22 por ciento de crecimiento en la oferta hotelera.<\/p>\n<p>Dijo que Chich\u00e9n Itz\u00e1 es la zona arqueol\u00f3gica m\u00e1s visitada de Yucat\u00e1n y desde 2019 la pen\u00ednsula est\u00e1 en el ranking de los destinos con mayor recuperaci\u00f3n de turismo en el pa\u00eds.<\/p>\n<p>Indic\u00f3 que adem\u00e1s de ser el estado m\u00e1s seguro del pa\u00eds, cuenta con gran diversidad de playas, m\u00e1s de 6 mil cenotes, 18 zonas arqueol\u00f3gicas y siete pueblos m\u00e1gicos adem\u00e1s de aldeas mayas.<\/p>\n<p>Por su parte <strong>Alex Pace<\/strong>, director de GMS, habl\u00f3 de la importancia de trabajar en coordinaci\u00f3n con el sector, unido a la importante labor de las agencias de representaciones de destinos en M\u00e9xico, es la mejor forma de impulsar el turismo.<\/p>\n<p><strong>Pace <\/strong>destac\u00f3 el apoyo de su empresa y los destinos que representa como California, Jamaica y Nevada para la asociaci\u00f3n y su respaldo absoluto para continuar haciendo sinergia.<\/p>\n<p><strong>Torruco Marqu\u00e9s<\/strong> se refiri\u00f3 a los proyectos impulsados por el actual gobierno federal, entre ellos el Tren Maya, el Aeropuerto Internacional de Tulum y el inicio de operaciones de Mexicana de Aviaci\u00f3n.<\/p>\n<p>&nbsp;<\/p>\n<blockquote>\n<p style=\"text-align: right;\">\u201c<strong>El<\/strong> <strong>\u00e1ngel de la fama tiene sus alas hechas de papel&#8230; peri\u00f3dico\u201d.<br \/>\n<\/strong><\/p>\n<\/blockquote>\n<p>&nbsp;<\/p>\n<p><em><span class=\"Apple-converted-space\"><a href=\"mailto:victoriagprado@gmail.com\" target=\"_blank\" rel=\"noopener noreferrer\">victoriagprado@gmail.com<\/a><br \/>\nX: <a href=\"https:\/\/twitter.com\/victoriagprado\" target=\"_blank\" rel=\"noopener noreferrer\">@victoriagprado<\/a><\/span><\/em><\/p>\n","protected":false},"excerpt":{"rendered":"<p>En el marco de la Feria Internacional de Turismo (Fitur 2024) aqu\u00ed en Ifema Madrid, Guanajuato reafirm\u00f3 un acuerdo para desarrollar, por tercer a\u00f1o consecutivo, el <em>\u201cSustainable &amp; Social Tourism Summit\u201d, <\/em>que tiene por objetivo enlazar a profesionales y generar oportunidades de negocio por medio de sus espacios virtuales y presenciales y aportar soluciones a problemas de sustentabilidad, solidaridad y responsabilidad social en el turismo a trav\u00e9s de diversas herramientas como conferencias, paneles, talleres, capacitaci\u00f3n y <em>networking,<\/em> entre otras.<\/p>\n","protected":false},"author":3,"featured_media":608464,"comment_status":"open","ping_status":"open","sticky":false,"template":"","format":"standard","meta":{"_monsterinsights_skip_tracking":false,"_monsterinsights_sitenote_active":false,"_monsterinsights_sitenote_note":"","_monsterinsights_sitenote_category":0,"footnotes":""},"categories":[11],"tags":[107,43674,43681,106],"class_list":["post-608426","post","type-post","status-publish","format-standard","has-post-thumbnail","hentry","category-turismo","tag-de-cinco-estrellas","tag-opinion","tag-turismo","tag-victoria-gonzalez-prado"],"_links":{"self":[{"href":"https:\/\/www.diarioimagen.net\/index.php?rest_route=\/wp\/v2\/posts\/608426","targetHints":{"allow":["GET"]}}],"collection":[{"href":"https:\/\/www.diarioimagen.net\/index.php?rest_route=\/wp\/v2\/posts"}],"about":[{"href":"https:\/\/www.diarioimagen.net\/index.php?rest_route=\/wp\/v2\/types\/post"}],"author":[{"embeddable":true,"href":"https:\/\/www.diarioimagen.net\/index.php?rest_route=\/wp\/v2\/users\/3"}],"replies":[{"embeddable":true,"href":"https:\/\/www.diarioimagen.net\/index.php?rest_route=%2Fwp%2Fv2%2Fcomments&post=608426"}],"version-history":[{"count":0,"href":"https:\/\/www.diarioimagen.net\/index.php?rest_route=\/wp\/v2\/posts\/608426\/revisions"}],"wp:featuredmedia":[{"embeddable":true,"href":"https:\/\/www.diarioimagen.net\/index.php?rest_route=\/wp\/v2\/media\/608464"}],"wp:attachment":[{"href":"https:\/\/www.diarioimagen.net\/index.php?rest_route=%2Fwp%2Fv2%2Fmedia&parent=608426"}],"wp:term":[{"taxonomy":"category","embeddable":true,"href":"https:\/\/www.diarioimagen.net\/index.php?rest_route=%2Fwp%2Fv2%2Fcategories&post=608426"},{"taxonomy":"post_tag","embeddable":true,"href":"https:\/\/www.diarioimagen.net\/index.php?rest_route=%2Fwp%2Fv2%2Ftags&post=608426"}],"curies":[{"name":"wp","href":"https:\/\/api.w.org\/{rel}","templated":true}]}}