{"id":608545,"date":"2024-02-01T00:03:29","date_gmt":"2024-02-01T06:03:29","guid":{"rendered":"https:\/\/www.diarioimagen.net\/?p=608545"},"modified":"2024-01-31T23:29:56","modified_gmt":"2024-02-01T05:29:56","slug":"transporte-de-carga-en-crisis","status":"publish","type":"post","link":"https:\/\/www.diarioimagen.net\/?p=608545","title":{"rendered":"Transporte de carga en crisis"},"content":{"rendered":"<h2>Espacio Electoral<\/h2>\n<h5>Eleazar Flores<\/h5>\n<p>&nbsp;<\/p>\n<p><strong>AMLO IGNORA-.<\/strong> Preocupado por seguir entre los mandatarios mejor aceptados del mundo, al presidente Andr\u00e9s Manuel L\u00f3pez Obrador le importan poco los problemas nacionales de inseguridad, violencia y ahora el ignorado transporte de carga que ayer volvi\u00f3 a BLOQUEAR.<\/p>\n<p>Este espacio antes que nadie -y el jefe lo sabe-, denunci\u00f3 la indiferencia oficial ante la acentuada INSEGURIDAD CARRETERA traducida en asaltos frecuentes a tr\u00e1ileres cargados de mercanc\u00eda y asaltados saliendo de la capital del pa\u00eds, preferentemente rumbo a\u00a0 Quer\u00e9taro, el baj\u00edo y dem\u00e1s.<\/p>\n<p>La SOSPECHA relativamente fundada es que est\u00e1 inmiscuido el crimen organizado, pues da la casualidad de que tan pronto sale la mercanc\u00eda de f\u00e1bricas y almacenes son ASALTADOS y otra casualidad mayor NO APARECEN PATRULLAS MILITARES vigilantes&#8230; bueno s\u00ed, una hora despu\u00e9s.<\/p>\n<p>Un joven invirti\u00f3 y se convirti\u00f3 en propietario de un tr\u00e1iler con ruta de la capital del pa\u00eds a Guadalajara, San Luis Potos\u00ed y Sinaloa. Todo bien en sus primeros tres a\u00f1os de TRANSPORTISTA, pero en los cinco \u00faltimos empez\u00f3 a sentir ACERCAMIENTOS de personas extra\u00f1as, lo interrogaban y al final le \u201cSOLTARON\u201d la propuesta, una COOPERACI\u00d3N de X cantidad por viaje.<\/p>\n<p>A la petici\u00f3n le agregaron la advertencia, \u201cRECUERDA QUE NOS HAS DICHO TODO\u201d. Pas\u00f3 un tiempo y lo abordaron para recordarle \u00bfQU\u00c9 PAS\u00d3?, en un tono amenazante. En recuerdo de su familia tuvo que empezar a COOPERAR, pero de DE A\u00d1OS A LA FECHA HAN SUBIDO la CUOTA DE COOPERACI\u00d3N. Sostener un hogar de esposa y tres hijos le aument\u00f3 la presi\u00f3n.<\/p>\n<p>Al informar a los receptores de sus MOCHES su deseo de vender su unidad, le dijeron: \u201cTE LO VA A COMPRAR TAL PERSONA\u201d, no lo vendas a nadie m\u00e1s y as\u00ed sucedieron las cosas, pues la \u00faltima advertencia como \u201ctransportista\u201d fue que \u201csi regresas nos avisas\u201d, dizque para FACILITARLE LAS COSAS.<\/p>\n<p>Este es un m\u00ednimo ejemplo de un CONDUCTOR-PROPIETARIO, pero la mayor parte de los dem\u00e1s solamente son CHOFERES, quienes muchas veces tienen que poner de su bolsa para pagar el \u201cmoche\u201d, no s\u00f3lo a los asaltantes, incluso a UNIFORMADOS, ignorando si son soldados, marinos o de la Guardia Nacional, pues la clonaci\u00f3n de uniformes est\u00e1 a la orden del d\u00eda.<\/p>\n<p>Muchos choferes no sobrevivieron para contarlo, conoc\u00ed a uno de ellos y otro \u201cLA LIBR\u00d3\u201d, me dice.<\/p>\n<p><strong>IGNORANCIA OFICIAL POR DESCONOCIMIENTO-.<\/strong> El gobierno cree equivocadamente que no defiende a los due\u00f1os de tr\u00e1ileres por catalogarlos como RICOS, ignorando que esos ricos son quienes dan trabajo a choferes y ayudantes -dos o tres por unidad-, quienes se quedan hasta sin comer cuando son asaltados.<\/p>\n<p>Otro trabajador de una empresa a quien le prohibieron dar el nombre, dijo, \u201cvendr\u00e1n cosas peores\u201d en lo que falta del sexenio.<\/p>\n<p>Ojal\u00e1 se equivocara, pero\u2026<\/p>\n<p><em><a href=\"mailto:elefa44@gmail.com\" target=\"_blank\" rel=\"noopener noreferrer\">elefa44@gmail.com<\/a><\/em><\/p>\n","protected":false},"excerpt":{"rendered":"<p><span style=\"color: #005497;\"><strong>Eleazar Flores<\/strong><\/span><\/p>\n","protected":false},"author":3,"featured_media":0,"comment_status":"open","ping_status":"open","sticky":false,"template":"","format":"standard","meta":{"_monsterinsights_skip_tracking":false,"_monsterinsights_sitenote_active":false,"_monsterinsights_sitenote_note":"","_monsterinsights_sitenote_category":0,"footnotes":""},"categories":[81743],"tags":[81744,81776,43674],"class_list":["post-608545","post","type-post","status-publish","format-standard","hentry","category-eleazar-flores","tag-eleazar-flores","tag-espacio-electoral","tag-opinion"],"_links":{"self":[{"href":"https:\/\/www.diarioimagen.net\/index.php?rest_route=\/wp\/v2\/posts\/608545","targetHints":{"allow":["GET"]}}],"collection":[{"href":"https:\/\/www.diarioimagen.net\/index.php?rest_route=\/wp\/v2\/posts"}],"about":[{"href":"https:\/\/www.diarioimagen.net\/index.php?rest_route=\/wp\/v2\/types\/post"}],"author":[{"embeddable":true,"href":"https:\/\/www.diarioimagen.net\/index.php?rest_route=\/wp\/v2\/users\/3"}],"replies":[{"embeddable":true,"href":"https:\/\/www.diarioimagen.net\/index.php?rest_route=%2Fwp%2Fv2%2Fcomments&post=608545"}],"version-history":[{"count":0,"href":"https:\/\/www.diarioimagen.net\/index.php?rest_route=\/wp\/v2\/posts\/608545\/revisions"}],"wp:attachment":[{"href":"https:\/\/www.diarioimagen.net\/index.php?rest_route=%2Fwp%2Fv2%2Fmedia&parent=608545"}],"wp:term":[{"taxonomy":"category","embeddable":true,"href":"https:\/\/www.diarioimagen.net\/index.php?rest_route=%2Fwp%2Fv2%2Fcategories&post=608545"},{"taxonomy":"post_tag","embeddable":true,"href":"https:\/\/www.diarioimagen.net\/index.php?rest_route=%2Fwp%2Fv2%2Ftags&post=608545"}],"curies":[{"name":"wp","href":"https:\/\/api.w.org\/{rel}","templated":true}]}}