{"id":608648,"date":"2024-02-02T00:04:46","date_gmt":"2024-02-02T06:04:46","guid":{"rendered":"https:\/\/www.diarioimagen.net\/?p=608648"},"modified":"2024-02-02T03:39:11","modified_gmt":"2024-02-02T09:39:11","slug":"llego-a-cuautitlan-izcalli-el-3er-festival-del-vino-y-queso","status":"publish","type":"post","link":"https:\/\/www.diarioimagen.net\/?p=608648","title":{"rendered":"Lleg\u00f3 a Cuautitl\u00e1n Izcalli el 3er Festival del Vino y Queso"},"content":{"rendered":"<p>&nbsp;<\/p>\n<ul>\n<li><em><strong>En el Parque de las Esculturas<\/strong><\/em><\/li>\n<\/ul>\n<p>&nbsp;<\/p>\n<div id=\"attachment_608736\" style=\"width: 470px\" class=\"wp-caption aligncenter\"><a href=\"https:\/\/www.diarioimagen.net\/?attachment_id=608736\" rel=\"attachment wp-att-608736\"><img loading=\"lazy\" decoding=\"async\" aria-describedby=\"caption-attachment-608736\" class=\"size-full wp-image-608736\" src=\"https:\/\/www.diarioimagen.net\/wp-content\/uploads\/2024\/02\/llego-a-cuautitlan.jpg\" alt=\"\" width=\"460\" height=\"270\" \/><\/a><p id=\"caption-attachment-608736\" class=\"wp-caption-text\">Ely Beatriz Quintana Becerril, titular de la Direcci\u00f3n de Desarrollo Econ\u00f3mico, mencion\u00f3 que la edici\u00f3n pasada se obtuvo una derrama econ\u00f3mica de dos millones de pesos.<\/p><\/div>\n<p>&nbsp;<\/p>\n<p><strong>Cuautitl\u00e1n Izcalli, Estado de M\u00e9xico.\u2014<\/strong> La tercera edici\u00f3n del \u201cFestival del Vino y el Queso\u201d lleg\u00f3\u00a0 a este municipio, en el Parque de las Esculturas los d\u00edas 16, 17 y 18 de febrero; es un evento creado para honrar los atributos y cualidades de dos productos que han estado juntos a lo largo de la historia, es por ello que el gobierno municipal liderado por Karla Fiesco te invita a disfrutar de este gran evento.<\/p>\n<p>En conferencia de prensa, Ely Beatriz Quintana Becerril, titular de la Direcci\u00f3n de Desarrollo Econ\u00f3mico, mencion\u00f3 que \u201cla ocasi\u00f3n pasada se obtuvo una derrama econ\u00f3mica de dos millones de pesos, demostrando que este Festival brinda ingresos muy buenos para todos los emprendedores y artesanos. Por ello los invito a este festival donde podr\u00e1n disfrutar en compa\u00f1\u00eda de toda su familia\u201d.<\/p>\n<p>Con m\u00fasica, aromas, texturas y sabores, en este festival podr\u00e1s conocer a m\u00e1s de 60 expositores nacionales e internacionales de vino, as\u00ed como exquisitos quesos artesanales de todo tipo que crear\u00e1n un gran acompa\u00f1amiento de catas de vino, guitarristas, imitador de Juan Gabriel y Luis Miguel, funciones de cine, adem\u00e1s de un corredor artesanal entre muchas otras actividades, todo esto en un horario de 12 del d\u00eda a 8 de la noche.<\/p>\n<p>Por otra parte, Antonio Calvillo Ibarra representante de la Casa del Vino, mencion\u00f3 que \u201cgracias al gran impacto que se tuvimos en a\u00f1os anteriores con el Festival del Vino y el Queso, es que ahora llegamos con el tercer a\u00f1o consecutivo del festival y por la demanda que se tuvo, lleg\u00f3 con un tercer d\u00eda para que todos los ciudadanos puedan disfrutar de tan grata experiencia para degustar esta bebida, conocer el vino de otros estados y su gran acompa\u00f1ante el queso; porque con queso, pan y vino se hizo el camino\u201d.<\/p>\n","protected":false},"excerpt":{"rendered":"<p>La tercera edici\u00f3n del \u201cFestival del Vino y el Queso\u201d lleg\u00f3\u00a0 a este municipio, en el Parque de las Esculturas los d\u00edas 16, 17 y 18 de febrero; es un evento creado para honrar los atributos y cualidades de dos productos que han estado juntos a lo largo de la historia, es por ello que el gobierno municipal liderado por Karla Fiesco te invita a disfrutar de este gran evento.<\/p>\n","protected":false},"author":3,"featured_media":608736,"comment_status":"open","ping_status":"open","sticky":false,"template":"","format":"standard","meta":{"_monsterinsights_skip_tracking":false,"_monsterinsights_sitenote_active":false,"_monsterinsights_sitenote_note":"","_monsterinsights_sitenote_category":0,"footnotes":""},"categories":[5],"tags":[971,43675,99337],"class_list":["post-608648","post","type-post","status-publish","format-standard","has-post-thumbnail","hentry","category-estado-de-mexico","tag-cuautitlan-izcalli","tag-estado-de-mexico","tag-festival-del-vino-y-queso"],"_links":{"self":[{"href":"https:\/\/www.diarioimagen.net\/index.php?rest_route=\/wp\/v2\/posts\/608648","targetHints":{"allow":["GET"]}}],"collection":[{"href":"https:\/\/www.diarioimagen.net\/index.php?rest_route=\/wp\/v2\/posts"}],"about":[{"href":"https:\/\/www.diarioimagen.net\/index.php?rest_route=\/wp\/v2\/types\/post"}],"author":[{"embeddable":true,"href":"https:\/\/www.diarioimagen.net\/index.php?rest_route=\/wp\/v2\/users\/3"}],"replies":[{"embeddable":true,"href":"https:\/\/www.diarioimagen.net\/index.php?rest_route=%2Fwp%2Fv2%2Fcomments&post=608648"}],"version-history":[{"count":0,"href":"https:\/\/www.diarioimagen.net\/index.php?rest_route=\/wp\/v2\/posts\/608648\/revisions"}],"wp:featuredmedia":[{"embeddable":true,"href":"https:\/\/www.diarioimagen.net\/index.php?rest_route=\/wp\/v2\/media\/608736"}],"wp:attachment":[{"href":"https:\/\/www.diarioimagen.net\/index.php?rest_route=%2Fwp%2Fv2%2Fmedia&parent=608648"}],"wp:term":[{"taxonomy":"category","embeddable":true,"href":"https:\/\/www.diarioimagen.net\/index.php?rest_route=%2Fwp%2Fv2%2Fcategories&post=608648"},{"taxonomy":"post_tag","embeddable":true,"href":"https:\/\/www.diarioimagen.net\/index.php?rest_route=%2Fwp%2Fv2%2Ftags&post=608648"}],"curies":[{"name":"wp","href":"https:\/\/api.w.org\/{rel}","templated":true}]}}