{"id":609341,"date":"2024-02-09T00:03:13","date_gmt":"2024-02-09T06:03:13","guid":{"rendered":"https:\/\/www.diarioimagen.net\/?p=609341"},"modified":"2024-02-09T02:26:01","modified_gmt":"2024-02-09T08:26:01","slug":"implementa-operativos-seguridad-publica-de-cuautitlan-izcalli","status":"publish","type":"post","link":"https:\/\/www.diarioimagen.net\/?p=609341","title":{"rendered":"Implementa operativos Seguridad P\u00fablica de Cuautitl\u00e1n Izcalli"},"content":{"rendered":"<p>&nbsp;<\/p>\n<p><a href=\"https:\/\/www.diarioimagen.net\/?attachment_id=609435\" rel=\"attachment wp-att-609435\"><img loading=\"lazy\" decoding=\"async\" class=\"aligncenter size-full wp-image-609435\" src=\"https:\/\/www.diarioimagen.net\/wp-content\/uploads\/2024\/02\/implementa-operativos.jpg\" alt=\"\" width=\"460\" height=\"270\" \/><\/a><\/p>\n<p>&nbsp;<\/p>\n<p><strong>Cuautitl\u00e1n Izcalli, Estado de M\u00e9xico.\u2014 <\/strong>Con el objetivo de garantizar la seguridad y el bienestar de los ciudadanos izcallenses, el gobierno municipal dirigido por Karla Fiesco, a trav\u00e9s de la Comisar\u00eda de Seguridad Ciudadana, ha implementado diversos operativos en el territorio logrando la recuperaci\u00f3n de 56 veh\u00edculos y la detenci\u00f3n de 94 personas en el mes de enero.<\/p>\n<p>Tambi\u00e9n se logr\u00f3 la detenci\u00f3n del sujeto Miguel \u201cN\u201d, quien momentos antes hab\u00eda despojado de su veh\u00edculo a un ciudadano a la altura de la calle San Sebasti\u00e1n en la colonia Lomas de Cuautitl\u00e1n y gracias al seguimiento por medio del C4, se recuper\u00f3 la unidad deteniendo al involucrado y poni\u00e9ndolo a disposici\u00f3n ante el Ministerio P\u00fablico para valorar su situaci\u00f3n jur\u00eddica. Otro caso se registr\u00f3 en Avenida del Canal en la colonia de San Mart\u00edn Tepetlixpan, donde tras un reporte hacia una camioneta se le da seguimiento.<\/p>\n<p>El joven, al ver la presencia de las autoridades, comienza la huida hasta que el veh\u00edculo impacta con un se\u00f1alamiento. El conductor desciende de la unidad siendo detenido y, al ser un menor de 17 a\u00f1os, se realiza la inspecci\u00f3n correspondiente y se encontraron entre sus pertenencias un arma de fuego, dos cargadores con 14 cartuchos cada uno, por lo que es emitido a la Fiscal\u00eda Especializada Federal para menores.<\/p>\n","protected":false},"excerpt":{"rendered":"<p>Con el objetivo de garantizar la seguridad y el bienestar de los ciudadanos izcallenses, el gobierno municipal dirigido por Karla Fiesco, a trav\u00e9s de la Comisar\u00eda de Seguridad Ciudadana, ha implementado diversos operativos en el territorio logrando la recuperaci\u00f3n de 56 veh\u00edculos y la detenci\u00f3n de 94 personas en el mes de enero.<\/p>\n","protected":false},"author":3,"featured_media":609435,"comment_status":"open","ping_status":"open","sticky":false,"template":"","format":"standard","meta":{"_monsterinsights_skip_tracking":false,"_monsterinsights_sitenote_active":false,"_monsterinsights_sitenote_note":"","_monsterinsights_sitenote_category":0,"footnotes":""},"categories":[5],"tags":[971,43675,1088],"class_list":["post-609341","post","type-post","status-publish","format-standard","has-post-thumbnail","hentry","category-estado-de-mexico","tag-cuautitlan-izcalli","tag-estado-de-mexico","tag-seguridad-publica"],"_links":{"self":[{"href":"https:\/\/www.diarioimagen.net\/index.php?rest_route=\/wp\/v2\/posts\/609341","targetHints":{"allow":["GET"]}}],"collection":[{"href":"https:\/\/www.diarioimagen.net\/index.php?rest_route=\/wp\/v2\/posts"}],"about":[{"href":"https:\/\/www.diarioimagen.net\/index.php?rest_route=\/wp\/v2\/types\/post"}],"author":[{"embeddable":true,"href":"https:\/\/www.diarioimagen.net\/index.php?rest_route=\/wp\/v2\/users\/3"}],"replies":[{"embeddable":true,"href":"https:\/\/www.diarioimagen.net\/index.php?rest_route=%2Fwp%2Fv2%2Fcomments&post=609341"}],"version-history":[{"count":0,"href":"https:\/\/www.diarioimagen.net\/index.php?rest_route=\/wp\/v2\/posts\/609341\/revisions"}],"wp:featuredmedia":[{"embeddable":true,"href":"https:\/\/www.diarioimagen.net\/index.php?rest_route=\/wp\/v2\/media\/609435"}],"wp:attachment":[{"href":"https:\/\/www.diarioimagen.net\/index.php?rest_route=%2Fwp%2Fv2%2Fmedia&parent=609341"}],"wp:term":[{"taxonomy":"category","embeddable":true,"href":"https:\/\/www.diarioimagen.net\/index.php?rest_route=%2Fwp%2Fv2%2Fcategories&post=609341"},{"taxonomy":"post_tag","embeddable":true,"href":"https:\/\/www.diarioimagen.net\/index.php?rest_route=%2Fwp%2Fv2%2Ftags&post=609341"}],"curies":[{"name":"wp","href":"https:\/\/api.w.org\/{rel}","templated":true}]}}