{"id":609631,"date":"2024-02-13T00:01:18","date_gmt":"2024-02-13T06:01:18","guid":{"rendered":"https:\/\/www.diarioimagen.net\/?p=609631"},"modified":"2024-02-13T21:49:36","modified_gmt":"2024-02-14T03:49:36","slug":"exportaciones-mexicanas-agroalimentarias-hilan-14-anos-al-alza-y-baten-record","status":"publish","type":"post","link":"https:\/\/www.diarioimagen.net\/?p=609631","title":{"rendered":"Exportaciones mexicanas agroalimentarias hilan 14 a\u00f1os al alza y baten r\u00e9cord"},"content":{"rendered":"<p>&nbsp;<\/p>\n<h2 style=\"text-align: center;\">Alcanzan los 51,873 mdd en 2023<\/h2>\n<p>&nbsp;<\/p>\n<ul>\n<li><strong><em>Dan mayor diversidad a las fuentes de divisas<\/em><\/strong><\/li>\n<\/ul>\n<p>&nbsp;<\/p>\n<div id=\"attachment_609721\" style=\"width: 470px\" class=\"wp-caption aligncenter\"><a href=\"https:\/\/www.diarioimagen.net\/?attachment_id=609721\" rel=\"attachment wp-att-609721\"><img loading=\"lazy\" decoding=\"async\" aria-describedby=\"caption-attachment-609721\" class=\"size-full wp-image-609721\" src=\"https:\/\/www.diarioimagen.net\/wp-content\/uploads\/2024\/02\/exportaciones-mexicanas.jpg\" alt=\"\" width=\"460\" height=\"270\" \/><\/a><p id=\"caption-attachment-609721\" class=\"wp-caption-text\">El sector agroexportador de M\u00e9xico ha contribuido a darle mayor diversidad a las fuentes de divisas de la econom\u00eda mexicana y su peso en las exportaciones totales apunta al alza.<\/p><\/div>\n<p>&nbsp;<\/p>\n<p>El a\u00f1o pasado, las exportaciones mexicanas agroalimentarias (agropecuarias y agroindustriales) hilaron 14 a\u00f1os al alza y se incrementaron 3.9% a un r\u00e9cord de 51,873 millones de d\u00f3lares, de acuerdo con cifras actualizadas del Banco de M\u00e9xico, por lo que este sector ha contribuido a darle mayor diversidad a las fuentes de divisas de la econom\u00eda mexicana.<\/p>\n<p>La \u00faltima vez que las exportaciones agroalimentarias nacionales tuvieron un retroceso fue en el 2009, en medio de la recesi\u00f3n econ\u00f3mica que desat\u00f3 en M\u00e9xico y muchos otros pa\u00edses el estallido de la burbuja hipotecaria en Estados Unidos el a\u00f1o previo.<\/p>\n<p>Por aquellos a\u00f1os M\u00e9xico padec\u00eda un d\u00e9ficit comercial alimentario cr\u00f3nico. Entre 1993 (a\u00f1o m\u00e1s antiguo con cifras homologadas) y el 2014, el pa\u00eds s\u00f3lo tuvo super\u00e1vit en 1995.<\/p>\n<p>En 2015, durante el sexenio del expresidente Enrique Pe\u00f1a Nieto, la situaci\u00f3n dio un vuelco y, desde entonces, el pa\u00eds ha registrado cada a\u00f1o saldos positivos y crecientes la mayor parte del tiempo.<\/p>\n<p>Por aquellos a\u00f1os M\u00e9xico padec\u00eda un d\u00e9ficit comercial alimentario cr\u00f3nico. Entre 1993 (a\u00f1o m\u00e1s antiguo con cifras homologadas) y el 2014, el pa\u00eds s\u00f3lo tuvo super\u00e1vit en 1995.<\/p>\n<p>En el 2015, durante el sexenio del expresidente Enrique Pe\u00f1a Nieto, la situaci\u00f3n dio un vuelco y, desde entonces, el pa\u00eds ha registrado cada a\u00f1o saldos positivos y crecientes la mayor parte del tiempo.<\/p>\n<p>El l\u00edder sigue siendo la cerveza de malta, cuyos env\u00edos crecieron en el 2023 2.2% a un monto r\u00e9cord de 6,163 millones de d\u00f3lares. Le sigui\u00f3 el tequila y el mezcal, con 4,428 millones de d\u00f3lares (+1.6 por ciento).<\/p>\n<p>El tomate, con 3,047 millones de d\u00f3lares (+13.5%); el aguacate, con 3,030 millones de d\u00f3lares (-8.8%); y los productos de panader\u00eda, con 2,642 millones de d\u00f3lares (+13%), completan el top cinco de productos exportados.<\/p>\n<p>En cuanto a crecimiento, destacaron las exportaciones de ganado bovino, que se dispararon 63.1% a 1,118 millones de d\u00f3lares, as\u00ed como las de aguas y refrescos, que saltaron 13.5% a 1,130 millones de d\u00f3lares y las de art\u00edculos de confiter\u00eda, que subieron 12.1% a 1,275 millones de d\u00f3lares.<\/p>\n<p>Por el lado de las importaciones, la historia del 2023 reiter\u00f3 una debilidad alimentaria a\u00f1eja de M\u00e9xico: su dependencia externa en granos b\u00e1sicos (aunque con matices).<\/p>\n<p>El producto alimentario m\u00e1s importado sigue siendo el ma\u00edz amarillo (principalmente estadounidense). Las compras de este cereal crecieron 1.3% a un r\u00e9cord de 5,872 millones de d\u00f3lares.<\/p>\n<p>Este avance se da en medio de la disputa comercial entre Estados Unidos y M\u00e9xico por la prohibici\u00f3n del uso de ma\u00edz transg\u00e9nico para la elaboraci\u00f3n de masa y tortilla (aunque el grueso del grano importado por M\u00e9xico se destina a la engorda de ganado).<\/p>\n<p>El segundo producto m\u00e1s importado por M\u00e9xico son las habas de soya, si bien las compras cayeron 11.5% a 3,657 millones de d\u00f3lares.<\/p>\n<p>La carne de porcino, con adquisiciones por 2,762 millones de d\u00f3lares (+4.2%); el trigo, del que se compraron 1,801 millones de d\u00f3lares (-14.9%); y la carne y despojos de aves, con desembolsos por 1,594 millones de d\u00f3lares (-8.2%), completan el top cinco de importaciones.<\/p>\n","protected":false},"excerpt":{"rendered":"<p>El a\u00f1o pasado, las exportaciones mexicanas agroalimentarias (agropecuarias y agroindustriales) hilaron 14 a\u00f1os al alza y se incrementaron 3.9% a un r\u00e9cord de 51,873 millones de d\u00f3lares, de acuerdo con cifras actualizadas del Banco de M\u00e9xico, por lo que este sector ha contribuido a darle mayor diversidad a las fuentes de divisas de la econom\u00eda mexicana.<\/p>\n","protected":false},"author":3,"featured_media":609721,"comment_status":"open","ping_status":"open","sticky":false,"template":"","format":"standard","meta":{"_monsterinsights_skip_tracking":false,"_monsterinsights_sitenote_active":false,"_monsterinsights_sitenote_note":"","_monsterinsights_sitenote_category":0,"footnotes":""},"categories":[17,8],"tags":[24425,13306,43678,15121],"class_list":["post-609631","post","type-post","status-publish","format-standard","has-post-thumbnail","hentry","category-especiales","category-finanzas","tag-alza","tag-exportaciones","tag-finanzas","tag-record"],"_links":{"self":[{"href":"https:\/\/www.diarioimagen.net\/index.php?rest_route=\/wp\/v2\/posts\/609631","targetHints":{"allow":["GET"]}}],"collection":[{"href":"https:\/\/www.diarioimagen.net\/index.php?rest_route=\/wp\/v2\/posts"}],"about":[{"href":"https:\/\/www.diarioimagen.net\/index.php?rest_route=\/wp\/v2\/types\/post"}],"author":[{"embeddable":true,"href":"https:\/\/www.diarioimagen.net\/index.php?rest_route=\/wp\/v2\/users\/3"}],"replies":[{"embeddable":true,"href":"https:\/\/www.diarioimagen.net\/index.php?rest_route=%2Fwp%2Fv2%2Fcomments&post=609631"}],"version-history":[{"count":0,"href":"https:\/\/www.diarioimagen.net\/index.php?rest_route=\/wp\/v2\/posts\/609631\/revisions"}],"wp:featuredmedia":[{"embeddable":true,"href":"https:\/\/www.diarioimagen.net\/index.php?rest_route=\/wp\/v2\/media\/609721"}],"wp:attachment":[{"href":"https:\/\/www.diarioimagen.net\/index.php?rest_route=%2Fwp%2Fv2%2Fmedia&parent=609631"}],"wp:term":[{"taxonomy":"category","embeddable":true,"href":"https:\/\/www.diarioimagen.net\/index.php?rest_route=%2Fwp%2Fv2%2Fcategories&post=609631"},{"taxonomy":"post_tag","embeddable":true,"href":"https:\/\/www.diarioimagen.net\/index.php?rest_route=%2Fwp%2Fv2%2Ftags&post=609631"}],"curies":[{"name":"wp","href":"https:\/\/api.w.org\/{rel}","templated":true}]}}