{"id":610034,"date":"2024-02-16T00:01:24","date_gmt":"2024-02-16T06:01:24","guid":{"rendered":"https:\/\/www.diarioimagen.net\/?p=610034"},"modified":"2024-02-16T04:04:04","modified_gmt":"2024-02-16T10:04:04","slug":"avala-amlo-dialogo-de-obispos-con-el-narco-para-reducir-violencia","status":"publish","type":"post","link":"https:\/\/www.diarioimagen.net\/?p=610034","title":{"rendered":"Avala AMLO di\u00e1logo de obispos con el narco para\u00a0reducir violencia"},"content":{"rendered":"<p>&nbsp;<\/p>\n<h2 style=\"text-align: center;\">\u201cTodos debemos contribuir a la paz\u201d<\/h2>\n<p><em>\u00a0<\/em><\/p>\n<ul>\n<li><strong><em>Muy bien, cualquier iniciativa que no implique impunidad, dice el Presidente<\/em><\/strong><\/li>\n<\/ul>\n<p>&nbsp;<\/p>\n<div id=\"attachment_610134\" style=\"width: 470px\" class=\"wp-caption aligncenter\"><a href=\"https:\/\/www.diarioimagen.net\/?attachment_id=610134\" rel=\"attachment wp-att-610134\"><img loading=\"lazy\" decoding=\"async\" aria-describedby=\"caption-attachment-610134\" class=\"size-full wp-image-610134\" src=\"https:\/\/www.diarioimagen.net\/wp-content\/uploads\/2024\/02\/amlo-8.jpg\" alt=\"\" width=\"460\" height=\"270\" \/><\/a><p id=\"caption-attachment-610134\" class=\"wp-caption-text\">El presidente Andr\u00e9s Manuel L\u00f3pez Obrador aval\u00f3 el di\u00e1logo de obispos de Guerrero con integrantes de grupos delictivos para ayudar a pacificar la entidad.<\/p><\/div>\n<p>&nbsp;<\/p>\n<p>Tras darse a conocer que obispos de Guerrero buscaron sin \u00e9xito que los grupos del crimen organizado con presencia en la entidad acordaran una tregua para reducir la violencia, el presidente Andr\u00e9s Manuel L\u00f3pez Obrador aval\u00f3 este di\u00e1logo para ayudar a pacificar la entidad.<\/p>\n<p>En la conferencia ma\u00f1anera desde Acapulco, Guerrero, explic\u00f3 que ve \u201cmuy bien\u201d cualquier iniciativa para reducir la violencia, siempre y cuando no implique acuerdos de impunidad, privilegios o licencias para robar.<\/p>\n<p>\u201cSiempre los sacerdotes, pastores, integrantes de todas las iglesias participan, ayudan en la pacificaci\u00f3n del pa\u00eds, lo veo muy bien, creo que todos tenemos que contribuir a conseguir la paz\u201d, dijo.<\/p>\n<p>Sin embargo, destac\u00f3 que el Estado es el encargado de asegurar la tranquilidad y seguridad en el pa\u00eds.<\/p>\n<p>\u201cDesde luego, la responsabilidad de garantizar la paz y la seguridad es del Estado, eso debe de quedar muy claro\u201d, coment\u00f3.<\/p>\n<p>El Presidente dijo que desde el gobierno federal se respaldar\u00eda la iniciativa de los obispos ya que tambi\u00e9n hacen este tipo de intentos de paz en estados como Michoac\u00e1n, \u201cme consta\u201d. Adem\u00e1s, dijo que esto ayudar\u00eda tambi\u00e9n a que muchas personas puedan dejar las filas del crimen organizado.<\/p>\n<p>\u201cLo vemos muy bien, nada m\u00e1s que nada de acuerdos que signifiquen conceder impunidad, privilegios, licencias para robar, pero el que quiere abandonar ese infierno, porque tambi\u00e9n eso se tiene que tener muy claro la, c\u00f3mo dice la canci\u00f3n, la jaula aunque sea de oro, no deja de ser prisi\u00f3n. El que est\u00e1 en una banda tiene que andar a salto de mata, no est\u00e1 tranquilo, no vive en paz\u201d, puntualiz\u00f3.<\/p>\n<p>Y agreg\u00f3 que los delincuentes se integran a las bandas criminales a cambio de camionetas de lujo y dinero, \u201cimag\u00ednense lo que vale la libertad, la tranquilidad, la paz. Adem\u00e1s, lo que se le ayuda a la familia, porque c\u00f3mo sufre la familia cuando uno de los miembros toma ese camino, las madres sobre todo, es un gran sufrimiento\u201d.<\/p>\n<p>El Presidente dej\u00f3 en claro que el gobierno es el encargado de garantizar la seguridad y la muestra, dijo, es que se han desplegado m\u00e1s de 14 mil elementos federales.<\/p>\n<p>\u201cEsto antes no exist\u00eda, entonces, por eso hab\u00eda cierta justificaci\u00f3n de que se crearan las autodefensas, pero ahora se tiene protecci\u00f3n por parte del estado. Y quienes ayudan para la pacificaci\u00f3n, pues est\u00e1n haciendo una buena labor, quienes trabajan para que se combata el flagelo de la violencia\u201d, dijo.<\/p>\n<p>L\u00f3pez Obrador tambi\u00e9n abord\u00f3 el tema de las autodefensas, se\u00f1alando que, si bien estas iniciativas comenzaron en Guerrero, posteriormente se extendieron a otras regiones del pa\u00eds. Adem\u00e1s, denunci\u00f3 que, en el pasado, el Estado no atendi\u00f3 adecuadamente el problema de la inseguridad, lo que llev\u00f3 al surgimiento de estos grupos de autodefensa.<\/p>\n<p style=\"text-align: center;\"><strong>Mayores penas para extorsionadores de transportistas<\/strong><\/p>\n<p>En cuanto a las acciones para combatir la extorsi\u00f3n, L\u00f3pez Obrador destac\u00f3 la necesidad de castigar con mayor severidad a los delincuentes dedicados a este crimen, incluyendo a aquellos que atentan contra comerciantes y transportistas.<\/p>\n<p>\u201cLa extorsi\u00f3n es un problema que estamos enfrentando, por eso, una de mis iniciativas de reforma a la Constituci\u00f3n es castigar con m\u00e1s severidad a los extorsionadores, a los que se dedican a esto, a extorsionar a comerciantes, a transportistas\u2026 queremos que se considere delito grave\u201d, coment\u00f3 el jefe del Ejecutivo federal<\/p>\n<p>El Presidente tambi\u00e9n mencion\u00f3 la importancia de fortalecer la presencia de la Guardia Nacional en las carreteras para combatir los asaltos y robos. Se\u00f1al\u00f3 que se han reforzado los operativos de seguridad en diversas regiones del pa\u00eds, lo que ha dado como resultado una disminuci\u00f3n en los \u00edndices de delincuencia en algunas zonas, como los tramos carreteros entre Iguala y Chilpancingo.<\/p>\n<p>L\u00f3pez Obrador se dirigi\u00f3 a los transportistas asegurando que las autoridades est\u00e1n comprometidas con protegerlos y brindarles seguridad durante su labor; sin embargo, denunci\u00f3 la presencia de l\u00edderes corruptos y oportunistas dentro de las organizaciones.<\/p>\n","protected":false},"excerpt":{"rendered":"<p>Tras darse a conocer que obispos de Guerrero buscaron sin \u00e9xito que los grupos del crimen organizado con presencia en la entidad acordaran una tregua para reducir la violencia, el presidente Andr\u00e9s Manuel L\u00f3pez <\/p>\n","protected":false},"author":3,"featured_media":610134,"comment_status":"open","ping_status":"open","sticky":false,"template":"","format":"standard","meta":{"_monsterinsights_skip_tracking":false,"_monsterinsights_sitenote_active":false,"_monsterinsights_sitenote_note":"","_monsterinsights_sitenote_category":0,"footnotes":""},"categories":[7],"tags":[2545,1220,80930,43677,86764],"class_list":["post-610034","post","type-post","status-publish","format-standard","has-post-thumbnail","hentry","category-seguridad","tag-amlo","tag-narco","tag-obispos","tag-seguridad","tag-violoencia"],"_links":{"self":[{"href":"https:\/\/www.diarioimagen.net\/index.php?rest_route=\/wp\/v2\/posts\/610034","targetHints":{"allow":["GET"]}}],"collection":[{"href":"https:\/\/www.diarioimagen.net\/index.php?rest_route=\/wp\/v2\/posts"}],"about":[{"href":"https:\/\/www.diarioimagen.net\/index.php?rest_route=\/wp\/v2\/types\/post"}],"author":[{"embeddable":true,"href":"https:\/\/www.diarioimagen.net\/index.php?rest_route=\/wp\/v2\/users\/3"}],"replies":[{"embeddable":true,"href":"https:\/\/www.diarioimagen.net\/index.php?rest_route=%2Fwp%2Fv2%2Fcomments&post=610034"}],"version-history":[{"count":0,"href":"https:\/\/www.diarioimagen.net\/index.php?rest_route=\/wp\/v2\/posts\/610034\/revisions"}],"wp:featuredmedia":[{"embeddable":true,"href":"https:\/\/www.diarioimagen.net\/index.php?rest_route=\/wp\/v2\/media\/610134"}],"wp:attachment":[{"href":"https:\/\/www.diarioimagen.net\/index.php?rest_route=%2Fwp%2Fv2%2Fmedia&parent=610034"}],"wp:term":[{"taxonomy":"category","embeddable":true,"href":"https:\/\/www.diarioimagen.net\/index.php?rest_route=%2Fwp%2Fv2%2Fcategories&post=610034"},{"taxonomy":"post_tag","embeddable":true,"href":"https:\/\/www.diarioimagen.net\/index.php?rest_route=%2Fwp%2Fv2%2Ftags&post=610034"}],"curies":[{"name":"wp","href":"https:\/\/api.w.org\/{rel}","templated":true}]}}