{"id":610043,"date":"2024-02-16T00:02:36","date_gmt":"2024-02-16T06:02:36","guid":{"rendered":"https:\/\/www.diarioimagen.net\/?p=610043"},"modified":"2024-02-16T04:11:38","modified_gmt":"2024-02-16T10:11:38","slug":"colaboraran-pvem-y-fundacion-del-dr-simi-en-apoyo-a-la-discapacidad","status":"publish","type":"post","link":"https:\/\/www.diarioimagen.net\/?p=610043","title":{"rendered":"Colaborar\u00e1n PVEM y Fundaci\u00f3n del Dr. Simi en apoyo a la discapacidad"},"content":{"rendered":"<p>&nbsp;<\/p>\n<ul>\n<li><em><strong>Acuerdo para impulsar iniciativa de ley<\/strong><\/em><\/li>\n<\/ul>\n<p>&nbsp;<\/p>\n<div id=\"attachment_610154\" style=\"width: 470px\" class=\"wp-caption aligncenter\"><a href=\"https:\/\/www.diarioimagen.net\/?attachment_id=610154\" rel=\"attachment wp-att-610154\"><img loading=\"lazy\" decoding=\"async\" aria-describedby=\"caption-attachment-610154\" class=\"size-full wp-image-610154\" src=\"https:\/\/www.diarioimagen.net\/wp-content\/uploads\/2024\/02\/colaboraran-pvem.jpg\" alt=\"\" width=\"460\" height=\"270\" \/><\/a><p id=\"caption-attachment-610154\" class=\"wp-caption-text\">El dirigente estatal del PVEM en el Edomex, Jos\u00e9 Alberto Couttolenc, firm\u00f3 un acuerdo de colaboraci\u00f3n con Fundaci\u00f3n del Dr. Simi para impulsar una iniciativa de ley en materia laboral en favor de este sector de la poblaci\u00f3n.<\/p><\/div>\n<p>&nbsp;<\/p>\n<p><strong>Valle de M\u00e9xico.\u2014<\/strong> \u201cLas personas con discapacidad pueden realizar cualquier trabajo\u201d, asegur\u00f3 Jos\u00e9 Alberto Couttolenc Buentello, dirigente estatal del Partido Verde Ecologista de M\u00e9xico (PVEM) en el Estado de M\u00e9xico, tras la firma del acuerdo de colaboraci\u00f3n entre la Fundaci\u00f3n del Dr. Simi y la dirigencia de este instituto pol\u00edtico que impulsa una iniciativa de ley en favor de este sector de la poblaci\u00f3n en material laboral.<\/p>\n<p>Couttolenc Buentello, detall\u00f3 que \u201cexisten un sinf\u00edn de discapacidades, sin embargo, ayer (en la firma de colaboraci\u00f3n) me llam\u00f3 mucho la atenci\u00f3n las personas en sillas de ruedas, porque al final del d\u00eda pueden hacer cualquier tipo de trabajo, igual que cualquiera de nosotros, y muchas veces no se les contrata por alg\u00fan tipo de discriminaci\u00f3n\u201d.<\/p>\n<p>Expres\u00f3 su emoci\u00f3n de que esta Fundaci\u00f3n haya elegido al PVEM como veh\u00edculo para presentar este proyecto y que los diferentes partidos pol\u00edticos lo han arropado, al tiempo de afirmar que representa una gran noticia para quienes tienen alg\u00fan tipo de discapacidad.<\/p>\n","protected":false},"excerpt":{"rendered":"<p>\u201cLas personas con discapacidad pueden realizar cualquier trabajo\u201d, asegur\u00f3 Jos\u00e9 Alberto Couttolenc Buentello, dirigente estatal del Partido Verde Ecologista de M\u00e9xico (PVEM) en el Estado de M\u00e9xico, tras la firma del acuerdo de colaboraci\u00f3n entre la Fundaci\u00f3n del Dr. Simi y la dirigencia de este instituto pol\u00edtico que impulsa una iniciativa de ley en favor de este sector de la poblaci\u00f3n en material laboral.<\/p>\n","protected":false},"author":3,"featured_media":610154,"comment_status":"open","ping_status":"open","sticky":false,"template":"","format":"standard","meta":{"_monsterinsights_skip_tracking":false,"_monsterinsights_sitenote_active":false,"_monsterinsights_sitenote_note":"","_monsterinsights_sitenote_category":0,"footnotes":""},"categories":[18863],"tags":[43675,95666,1416],"class_list":["post-610043","post","type-post","status-publish","format-standard","has-post-thumbnail","hentry","category-salud-edomex","tag-estado-de-mexico","tag-jose-alberto-couttolenc-buentello","tag-pvem"],"_links":{"self":[{"href":"https:\/\/www.diarioimagen.net\/index.php?rest_route=\/wp\/v2\/posts\/610043","targetHints":{"allow":["GET"]}}],"collection":[{"href":"https:\/\/www.diarioimagen.net\/index.php?rest_route=\/wp\/v2\/posts"}],"about":[{"href":"https:\/\/www.diarioimagen.net\/index.php?rest_route=\/wp\/v2\/types\/post"}],"author":[{"embeddable":true,"href":"https:\/\/www.diarioimagen.net\/index.php?rest_route=\/wp\/v2\/users\/3"}],"replies":[{"embeddable":true,"href":"https:\/\/www.diarioimagen.net\/index.php?rest_route=%2Fwp%2Fv2%2Fcomments&post=610043"}],"version-history":[{"count":0,"href":"https:\/\/www.diarioimagen.net\/index.php?rest_route=\/wp\/v2\/posts\/610043\/revisions"}],"wp:featuredmedia":[{"embeddable":true,"href":"https:\/\/www.diarioimagen.net\/index.php?rest_route=\/wp\/v2\/media\/610154"}],"wp:attachment":[{"href":"https:\/\/www.diarioimagen.net\/index.php?rest_route=%2Fwp%2Fv2%2Fmedia&parent=610043"}],"wp:term":[{"taxonomy":"category","embeddable":true,"href":"https:\/\/www.diarioimagen.net\/index.php?rest_route=%2Fwp%2Fv2%2Fcategories&post=610043"},{"taxonomy":"post_tag","embeddable":true,"href":"https:\/\/www.diarioimagen.net\/index.php?rest_route=%2Fwp%2Fv2%2Ftags&post=610043"}],"curies":[{"name":"wp","href":"https:\/\/api.w.org\/{rel}","templated":true}]}}