{"id":611131,"date":"2024-02-27T00:09:23","date_gmt":"2024-02-27T06:09:23","guid":{"rendered":"https:\/\/www.diarioimagen.net\/?p=611131"},"modified":"2024-02-27T22:59:24","modified_gmt":"2024-02-28T04:59:24","slug":"refrenda-gem-compromiso-con-preservacion-de-lengua-materna-de-indigenas","status":"publish","type":"post","link":"https:\/\/www.diarioimagen.net\/?p=611131","title":{"rendered":"Refrenda GEM compromiso con preservaci\u00f3n de lengua materna de ind\u00edgenas"},"content":{"rendered":"<p>&nbsp;<\/p>\n<ul>\n<li><strong><em>Fomenta identidad<\/em><\/strong><\/li>\n<\/ul>\n<p>&nbsp;<\/p>\n<div id=\"attachment_611162\" style=\"width: 470px\" class=\"wp-caption aligncenter\"><a href=\"https:\/\/www.diarioimagen.net\/?attachment_id=611162\" rel=\"attachment wp-att-611162\"><img loading=\"lazy\" decoding=\"async\" aria-describedby=\"caption-attachment-611162\" class=\"size-full wp-image-611162\" src=\"https:\/\/www.diarioimagen.net\/wp-content\/uploads\/2024\/02\/refrenda-gem-compromiso.jpg\" alt=\"\" width=\"460\" height=\"270\" \/><\/a><p id=\"caption-attachment-611162\" class=\"wp-caption-text\">Existen 308 mil 587 hablantes de lenguas mazahua, otom\u00ed, nahua, tlahuica y matlazinca en Edomex.<\/p><\/div>\n<p>&nbsp;<\/p>\n<p><strong>Temoaya, Estado de M\u00e9xico.\u2014<\/strong> Celebrar el D\u00eda Internacional de la Legua Materna es conectar con las ra\u00edces que nos dan identidad y enriquecen nuestra cultura, por ello representantes de los pueblos originarios expresan su orgullo por hacer de sus tradiciones y preservar su lenguaje entre las nuevas generaciones como parte de su cosmovisi\u00f3n y patrimonio.<\/p>\n<p>Por tal motivo, el gobierno que encabeza la Maestra Delfina G\u00f3mez \u00c1lvarez, a trav\u00e9s del Consejo Estatal para el Desarrollo Integral de los Pueblos Ind\u00edgenas del Estado de M\u00e9xico (CEDIPIEM) refrend\u00f3 su compromiso para impulsar la preservaci\u00f3n de la cultura de las comunidades originarias asentadas en el territorio estatal.<\/p>\n<p>En seguimiento a la filosof\u00eda de El Poder de Servir, el CEDIPIEM, organismo sectorizado a la Secretar\u00eda de Bienestar a cargo de Juan Carlos Gonz\u00e1lez Romero, promueve acciones para cuidar a los rasgos que hacen de la entidad, un lugar multi\u00e9tnico y multicultural.<\/p>\n<p>Esto con el objetivo de fomentar la cultura, costumbres y tradiciones de las comunidades originarias que forman parte de la identidad mexiquense, mediante certificaciones, talleres, actividades y eventos dirigidos a este grupo de la poblaci\u00f3n.<\/p>\n<p>\u201cHablar una lengua representa un sistema de creencias y una manera de ver el mundo\u201d, mencion\u00f3 Concepci\u00f3n Pe\u00f1aloza, Vocal nahua, ya que la forma de comunicar es una de las principales caracter\u00edsticas de un grupo, pues representa una forma de organizaci\u00f3n social y su existencia se centra en las experiencias e imaginario colectivo de la regi\u00f3n.<\/p>\n<p>Por otro lado, Alejo G\u00f3mez, Vocal tlahuica asegur\u00f3: \u201cpara m\u00ed, seguir hablando mi lengua Tlahuica es mi gran orgullo. Mi patrimonio es seguir conservando lo que mis abuelos me dejaron\u201d, porque este elemento en conjunto con la vestimenta, gastronom\u00eda, m\u00fasica, danza y tradiciones son representativos de cada comunidad originaria y su uso y preservaci\u00f3n es gracias al respeto que se le tiene por pasar de generaci\u00f3n en generaci\u00f3n.<\/p>\n<p>De acuerdo con datos del Censo de Poblaci\u00f3n y Vivienda 2020 del Instituto Nacional de Estad\u00edstica y Geograf\u00eda (INEGI); la entidad tiene 308 mil 587 hablantes de lenguas mazahua, otom\u00ed, nahua, tlahuica y matlazinca.<\/p>\n<p>\u201cHoy este d\u00eda nos sentimos orgullosos y quiero decirles, me siento muy orgullosa de hablar esta lengua como madre que me dejaron mis antepasados, es mi herencia. No tengan verg\u00fcenza, hoy m\u00e1s que nunca debemos de hablar nuestra lengua y sentirnos orgullosos, no se averg\u00fcencen, sigamos conservando y vamos a echarle ganas, hermanas y hermanos para salir adelante\u201d, finaliz\u00f3 Vicenta S\u00e1nchez, Vocal mazahua.<\/p>\n","protected":false},"excerpt":{"rendered":"<p>Celebrar el D\u00eda Internacional de la Legua Materna es conectar con las ra\u00edces que nos dan identidad y enriquecen nuestra cultura, por ello representantes de los pueblos originarios expresan su orgullo por hacer de sus tradiciones y preservar su lenguaje entre las nuevas generaciones como parte de su cosmovisi\u00f3n y patrimonio.<\/p>\n","protected":false},"author":3,"featured_media":611162,"comment_status":"open","ping_status":"open","sticky":false,"template":"","format":"standard","meta":{"_monsterinsights_skip_tracking":false,"_monsterinsights_sitenote_active":false,"_monsterinsights_sitenote_note":"","_monsterinsights_sitenote_category":0,"footnotes":""},"categories":[5],"tags":[534,43675,6777],"class_list":["post-611131","post","type-post","status-publish","format-standard","has-post-thumbnail","hentry","category-estado-de-mexico","tag-cedipiem","tag-estado-de-mexico","tag-temoaya"],"_links":{"self":[{"href":"https:\/\/www.diarioimagen.net\/index.php?rest_route=\/wp\/v2\/posts\/611131","targetHints":{"allow":["GET"]}}],"collection":[{"href":"https:\/\/www.diarioimagen.net\/index.php?rest_route=\/wp\/v2\/posts"}],"about":[{"href":"https:\/\/www.diarioimagen.net\/index.php?rest_route=\/wp\/v2\/types\/post"}],"author":[{"embeddable":true,"href":"https:\/\/www.diarioimagen.net\/index.php?rest_route=\/wp\/v2\/users\/3"}],"replies":[{"embeddable":true,"href":"https:\/\/www.diarioimagen.net\/index.php?rest_route=%2Fwp%2Fv2%2Fcomments&post=611131"}],"version-history":[{"count":0,"href":"https:\/\/www.diarioimagen.net\/index.php?rest_route=\/wp\/v2\/posts\/611131\/revisions"}],"wp:featuredmedia":[{"embeddable":true,"href":"https:\/\/www.diarioimagen.net\/index.php?rest_route=\/wp\/v2\/media\/611162"}],"wp:attachment":[{"href":"https:\/\/www.diarioimagen.net\/index.php?rest_route=%2Fwp%2Fv2%2Fmedia&parent=611131"}],"wp:term":[{"taxonomy":"category","embeddable":true,"href":"https:\/\/www.diarioimagen.net\/index.php?rest_route=%2Fwp%2Fv2%2Fcategories&post=611131"},{"taxonomy":"post_tag","embeddable":true,"href":"https:\/\/www.diarioimagen.net\/index.php?rest_route=%2Fwp%2Fv2%2Ftags&post=611131"}],"curies":[{"name":"wp","href":"https:\/\/api.w.org\/{rel}","templated":true}]}}