{"id":611444,"date":"2024-02-29T00:02:47","date_gmt":"2024-02-29T06:02:47","guid":{"rendered":"https:\/\/www.diarioimagen.net\/?p=611444"},"modified":"2024-02-29T02:03:48","modified_gmt":"2024-02-29T08:03:48","slug":"llama-juan-olivas-a-la-unidad-de-morena-y-de-la-4t-en-naucalpan","status":"publish","type":"post","link":"https:\/\/www.diarioimagen.net\/?p=611444","title":{"rendered":"Llama Juan Olivas a la unidad de Morena y de la 4T en Naucalpan"},"content":{"rendered":"<p>&nbsp;<\/p>\n<p><a href=\"https:\/\/www.diarioimagen.net\/?attachment_id=611533\" rel=\"attachment wp-att-611533\"><img loading=\"lazy\" decoding=\"async\" class=\"aligncenter size-full wp-image-611533\" src=\"https:\/\/www.diarioimagen.net\/wp-content\/uploads\/2024\/02\/llama-juan-olivas.jpg\" alt=\"\" width=\"460\" height=\"270\" \/><\/a><\/p>\n<p>&nbsp;<\/p>\n<p><strong>Naucalpan, Estado de M\u00e9xico.\u2014<\/strong> Juan Olivas, aspirante a la Coordinador de Defensa de la Transformaci\u00f3n en esta localidad, hizo un llamado a la unidad a militantes, simpatizantes y aspirantes a cargos de elecci\u00f3n popular en torno al fortalecimiento de Morena, de la 4T y, desde luego, a favor de Claudia Sheinbaum.<\/p>\n<p>El tambi\u00e9n empresario mexiquense recalc\u00f3 la importancia de seguir sumando esfuerzos en unidad para fortalecer a ese instituto pol\u00edtico no s\u00f3lo en Naucalpan o el Estado de M\u00e9xico, sino en todo el pa\u00eds.<\/p>\n<p>A trav\u00e9s de un video difundido en redes sociales, Juan Olivas invit\u00f3 al diputado y tambi\u00e9n aspirante a la alcald\u00eda, Isaac Martin Montoya, a debatir en un foro abierto ideas en favor de las y los naucalpenses.<\/p>\n<p>\u201cHoy son tiempos de unidad y, desde luego, de aspiraciones, es por ello necesario debatir y presentar las mejores propuestas, pues no es a trav\u00e9s de enga\u00f1os o manipulaciones de los programas del bienestar como se gana la confianza o el voto ciudadano debe existir equidad \u201c, dijo.<\/p>\n<p>Por otra parte, el joven pol\u00edtico, record\u00f3 que \u2018\u2019el pueblo de M\u00e9xico quiere que contin\u00fae el segundo piso de la Transformaci\u00f3n y as\u00ed va a ser, para eso estamos unidos, para lograr este a\u00f1o la continuidad de la Cuarta Transformaci\u00f3n de la vida p\u00fablica\u2019\u2019, asever\u00f3.<\/p>\n<p>Juan Olivas, reiter\u00f3 a Isaac Montoya: \u201cAqu\u00ed estoy de frente y a la orden en espera para debatir y encontrar coincidencias para el fortalecimiento de Morena\u201d.<\/p>\n<p>Concluy\u00f3 diciendo que \u201chay que lograr el objetivo o de lo contrario Naucalpan se perder\u00e1 y ese ser\u00e1 el resultado y la respuesta a la falta de unidad y entendimiento e inclusi\u00f3n a la militancia y actores pol\u00edticos de Morena en general por qu\u00e9 solo no podr\u00e1 el legislador, ya que sin duda el trabajo del empresario es la balanza para ganar o perder Naucalpan, aun cuando el legislador minimice su trabajo\u201d.<\/p>\n","protected":false},"excerpt":{"rendered":"<p>Juan Olivas, aspirante a la Coordinador de Defensa de la Transformaci\u00f3n en esta localidad, hizo un llamado a la unidad a militantes, simpatizantes y aspirantes a cargos de elecci\u00f3n popular en torno al fortalecimiento de Morena, de la 4T y, desde luego, a favor de Claudia Sheinbaum.<\/p>\n","protected":false},"author":3,"featured_media":611533,"comment_status":"open","ping_status":"open","sticky":false,"template":"","format":"standard","meta":{"_monsterinsights_skip_tracking":false,"_monsterinsights_sitenote_active":false,"_monsterinsights_sitenote_note":"","_monsterinsights_sitenote_category":0,"footnotes":""},"categories":[5],"tags":[43675,20663,970],"class_list":["post-611444","post","type-post","status-publish","format-standard","has-post-thumbnail","hentry","category-estado-de-mexico","tag-estado-de-mexico","tag-morena","tag-naucalpan"],"_links":{"self":[{"href":"https:\/\/www.diarioimagen.net\/index.php?rest_route=\/wp\/v2\/posts\/611444","targetHints":{"allow":["GET"]}}],"collection":[{"href":"https:\/\/www.diarioimagen.net\/index.php?rest_route=\/wp\/v2\/posts"}],"about":[{"href":"https:\/\/www.diarioimagen.net\/index.php?rest_route=\/wp\/v2\/types\/post"}],"author":[{"embeddable":true,"href":"https:\/\/www.diarioimagen.net\/index.php?rest_route=\/wp\/v2\/users\/3"}],"replies":[{"embeddable":true,"href":"https:\/\/www.diarioimagen.net\/index.php?rest_route=%2Fwp%2Fv2%2Fcomments&post=611444"}],"version-history":[{"count":0,"href":"https:\/\/www.diarioimagen.net\/index.php?rest_route=\/wp\/v2\/posts\/611444\/revisions"}],"wp:featuredmedia":[{"embeddable":true,"href":"https:\/\/www.diarioimagen.net\/index.php?rest_route=\/wp\/v2\/media\/611533"}],"wp:attachment":[{"href":"https:\/\/www.diarioimagen.net\/index.php?rest_route=%2Fwp%2Fv2%2Fmedia&parent=611444"}],"wp:term":[{"taxonomy":"category","embeddable":true,"href":"https:\/\/www.diarioimagen.net\/index.php?rest_route=%2Fwp%2Fv2%2Fcategories&post=611444"},{"taxonomy":"post_tag","embeddable":true,"href":"https:\/\/www.diarioimagen.net\/index.php?rest_route=%2Fwp%2Fv2%2Ftags&post=611444"}],"curies":[{"name":"wp","href":"https:\/\/api.w.org\/{rel}","templated":true}]}}