{"id":611446,"date":"2024-02-29T00:03:07","date_gmt":"2024-02-29T06:03:07","guid":{"rendered":"https:\/\/www.diarioimagen.net\/?p=611446"},"modified":"2024-02-29T02:12:25","modified_gmt":"2024-02-29T08:12:25","slug":"impulsa-gem-el-desarrollo-de-adultos-mayores-y-personas-con-discapacidad","status":"publish","type":"post","link":"https:\/\/www.diarioimagen.net\/?p=611446","title":{"rendered":"Impulsa GEM el desarrollo de adultos mayores y personas con\u00a0discapacidad"},"content":{"rendered":"<p>&nbsp;<\/p>\n<ul>\n<li><em><strong>Entrega de pensiones<\/strong><\/em><\/li>\n<\/ul>\n<p>&nbsp;<\/p>\n<p><a href=\"https:\/\/www.diarioimagen.net\/?attachment_id=611551\" rel=\"attachment wp-att-611551\"><img loading=\"lazy\" decoding=\"async\" class=\"aligncenter size-full wp-image-611551\" src=\"https:\/\/www.diarioimagen.net\/wp-content\/uploads\/2024\/02\/edomex-impulsa-desarrollo.jpg\" alt=\"\" width=\"460\" height=\"270\" \/><\/a><\/p>\n<p>&nbsp;<\/p>\n<p><strong>Toluca, Estado de M\u00e9xico.\u2014<\/strong> A cinco meses del inicio de la administraci\u00f3n de la Gobernadora Delfina G\u00f3mez \u00c1lvarez, se ha desarrollado un trabajo colaborativo entre los gobiernos federal y estatal a fin de favorecer a los sectores vulnerables mediante la entrega de programas sociales de la Secretar\u00eda de Bienestar.<\/p>\n<p>Entre los programas que est\u00e1n transformando la vida de las y los mexiquenses, se encuentran la Pensi\u00f3n para el Bienestar de Personas con Discapacidad y para Personas Adultas Mayores, los cuales tienen por objetivo brindar un apoyo econ\u00f3mico para que lo utilicen en sus tratamientos m\u00e9dicos, as\u00ed como para cubrir las necesidades que requieran e incluso en actividades de esparcimiento.<\/p>\n<p>Como parte de esta labor, el 29 de septiembre de 2023, la Gobernadora Delfina G\u00f3mez \u00c1lvarez firm\u00f3 un convenio con el Presidente Andr\u00e9s Manuel L\u00f3pez Obrador, con el prop\u00f3sito de extender la edad para quienes se dirige la Pensi\u00f3n para el Bienestar de las Personas con Discapacidad, y en el cual cada gobierno aporta 50 por ciento de los recursos.<\/p>\n<p>En este sentido, ahora este programa abarca a personas de cero a 64 a\u00f1os, con lo cual se integraron 63 mil 438 beneficiarios a los 93 mil que ya reciben los 3 mil 100 pesos bimestrales que les proporciona esta pensi\u00f3n.<\/p>\n<p>Por otro lado, la Pensi\u00f3n para el Bienestar de las Personas Adultas Mayores est\u00e1 destinada a quienes tienen m\u00e1s de 65 a\u00f1os y en enero, el Presidente Andr\u00e9s Manuel L\u00f3pez Obrador aument\u00f3 el apoyo de 4 mil 800 a 6 mil pesos bimestrales. De esta manera, se contribuye a mejorar las condiciones de vida de este n\u00facleo de la poblaci\u00f3n, sin importar su origen, creencias ni condici\u00f3n social o econ\u00f3mica para garantizarles una vejez digna.<\/p>\n<p>Estas acciones se centran en asegurar la protecci\u00f3n social y de salud para su desarrollo, tal como lo establece el art\u00edculo 4\u00ba Constitucional.<\/p>\n<p>Por la veda electoral de este a\u00f1o, los beneficiarios de ambas pensiones recibieron su apoyo por 18 mil pesos para adultos mayores y 9 mil 300 pesos para personas con discapacidad, correspondientes a los bimestres enero-febrero, marzo-abril y mayo-junio.<\/p>\n","protected":false},"excerpt":{"rendered":"<p>A cinco meses del inicio de la administraci\u00f3n de la Gobernadora Delfina G\u00f3mez \u00c1lvarez, se ha desarrollado un trabajo colaborativo entre los gobiernos federal y estatal a fin de favorecer a los sectores vulnerables mediante la entrega de programas sociales de la Secretar\u00eda de Bienestar.<\/p>\n","protected":false},"author":3,"featured_media":611551,"comment_status":"open","ping_status":"open","sticky":false,"template":"","format":"standard","meta":{"_monsterinsights_skip_tracking":false,"_monsterinsights_sitenote_active":false,"_monsterinsights_sitenote_note":"","_monsterinsights_sitenote_category":0,"footnotes":""},"categories":[5],"tags":[24566,43675,1720,452],"class_list":["post-611446","post","type-post","status-publish","format-standard","has-post-thumbnail","hentry","category-estado-de-mexico","tag-discapacidad","tag-estado-de-mexico","tag-gem","tag-toluca"],"_links":{"self":[{"href":"https:\/\/www.diarioimagen.net\/index.php?rest_route=\/wp\/v2\/posts\/611446","targetHints":{"allow":["GET"]}}],"collection":[{"href":"https:\/\/www.diarioimagen.net\/index.php?rest_route=\/wp\/v2\/posts"}],"about":[{"href":"https:\/\/www.diarioimagen.net\/index.php?rest_route=\/wp\/v2\/types\/post"}],"author":[{"embeddable":true,"href":"https:\/\/www.diarioimagen.net\/index.php?rest_route=\/wp\/v2\/users\/3"}],"replies":[{"embeddable":true,"href":"https:\/\/www.diarioimagen.net\/index.php?rest_route=%2Fwp%2Fv2%2Fcomments&post=611446"}],"version-history":[{"count":0,"href":"https:\/\/www.diarioimagen.net\/index.php?rest_route=\/wp\/v2\/posts\/611446\/revisions"}],"wp:featuredmedia":[{"embeddable":true,"href":"https:\/\/www.diarioimagen.net\/index.php?rest_route=\/wp\/v2\/media\/611551"}],"wp:attachment":[{"href":"https:\/\/www.diarioimagen.net\/index.php?rest_route=%2Fwp%2Fv2%2Fmedia&parent=611446"}],"wp:term":[{"taxonomy":"category","embeddable":true,"href":"https:\/\/www.diarioimagen.net\/index.php?rest_route=%2Fwp%2Fv2%2Fcategories&post=611446"},{"taxonomy":"post_tag","embeddable":true,"href":"https:\/\/www.diarioimagen.net\/index.php?rest_route=%2Fwp%2Fv2%2Ftags&post=611446"}],"curies":[{"name":"wp","href":"https:\/\/api.w.org\/{rel}","templated":true}]}}