{"id":611450,"date":"2024-02-29T00:04:49","date_gmt":"2024-02-29T06:04:49","guid":{"rendered":"https:\/\/www.diarioimagen.net\/?p=611450"},"modified":"2024-02-29T02:11:52","modified_gmt":"2024-02-29T08:11:52","slug":"gobierno-del-edomex-se-suma-a-colecta-anual-de-la-cruz-roja","status":"publish","type":"post","link":"https:\/\/www.diarioimagen.net\/?p=611450","title":{"rendered":"Gobierno del Edomex se suma a Colecta Anual\u00a0de la Cruz Roja"},"content":{"rendered":"<p>&nbsp;<\/p>\n<ul>\n<li><em><strong>\u201cTodos Somos H\u00e9roes\u201d<\/strong><\/em><\/li>\n<\/ul>\n<p>&nbsp;<\/p>\n<p><a href=\"https:\/\/www.diarioimagen.net\/?attachment_id=611549\" rel=\"attachment wp-att-611549\"><img loading=\"lazy\" decoding=\"async\" class=\"aligncenter size-full wp-image-611549\" src=\"https:\/\/www.diarioimagen.net\/wp-content\/uploads\/2024\/02\/edomex-cruz.jpg\" alt=\"\" width=\"460\" height=\"270\" \/><\/a><\/p>\n<p>&nbsp;<\/p>\n<p><strong>Tlalnepantla, Estado de M\u00e9xico.\u2014<\/strong> Con el Poder de Servir, el Gobierno del Estado de M\u00e9xico que encabeza la Maestra Delfina G\u00f3mez \u00c1lvarez, se suma al arranque de la recaudaci\u00f3n de fondos para la Colecta Anual de la Cruz Roja Mexicana 2024 \u201cTodos Somos H\u00e9roes\u201d, para fortalecer los servicios hospitalarios y humanitarios que ofrece la instituci\u00f3n y contribuir en su objetivo de brindar auxilio y salvar vidas.<\/p>\n<p>Dicha colecta culmina el 31 de mayo y el DIF Estado de M\u00e9xico ser\u00e1 el enlace entre las Dependencias de Gobierno, los 125 Sistemas Municipales DIF de la entidad, y poblaci\u00f3n mexiquense en la recaudaci\u00f3n de fondos en la entidad.<\/p>\n<p>Karina Labastida Sotelo, Directora General del Sistema para el Desarrollo Integral de la Familia del Estado de M\u00e9xico (DIFEM) y Responsable del Enlace de esta Coleta en la entidad mexiquense, reiter\u00f3 el compromiso de la Gobernadora Delfina G\u00f3mez \u00c1lvarez, para unir acciones que favorezcan el bienestar de la poblaci\u00f3n vulnerable. \u201cLa Maestra Delfina G\u00f3mez \u00c1lvarez, ustedes saben que ella es una mujer emp\u00e1tica, es una mujer sensible con las personas en situaci\u00f3n de vulnerabilidad y ella tambi\u00e9n agradece la invitaci\u00f3n a este evento y a trav\u00e9s del Gobierno del Estado, por supuesto que nos sumamos a esta noble causa\u201d, se\u00f1al\u00f3, la titular del DIFEM.<\/p>\n<p>En el arranque de esta campa\u00f1a, en las instalaciones de la Cruz Roja de Tlalnepantla, Karina Labastida Sotelo, ante Carlos Freaner Figueroa y Jorge Alberto Forastieri Mu\u00f1oz, Presidente Nacional de Cruz Roja Mexicana y Delegado Estatal de Cruz Roja Mexicana, respectivamente, expres\u00f3 que con mucho entusiasmo en la entidad mexiquense se har\u00e1 una gran labor tocando todos los corazones solidarios que se quieran unir a la misi\u00f3n de una instituci\u00f3n.<\/p>\n<p>En este sentido, hizo un llamado solidario a personas, instituciones y empresas de responsabilidad social para que ayuden con sus donaciones, sumando tambi\u00e9n a los 125 Sistemas Municipales DIF.<\/p>\n<p>\u201cLo que queremos es hacer una invitaci\u00f3n para que todas y todos aportemos porque todos podemos ser h\u00e9roes si nos sumamos a esta gran Colecta Nacional, si convencemos y si tocamos los corazones de todos los h\u00e9roes altruistas\u201d, reiter\u00f3.<\/p>\n<p>Cabe mencionar que tras casi cuatro a\u00f1os de haberse suspendido la Colecta Nacional de la Cruz Roja Mexicana, debido a la pandemia por COVID-19, la instituci\u00f3n reactiva su captaci\u00f3n de fondos en todo el pa\u00eds, siendo el Gobierno del Estado de M\u00e9xico un pilar para sumar voluntades.<\/p>\n<p>En su intervenci\u00f3n, Carlos Freaner Figueroa expres\u00f3 que se tiene una gran confianza en el trabajo que se desarrolla por todos los que integran la Cruz Roja Mexicana en el Estado de M\u00e9xico, as\u00ed como por el futuro de esta reconocida instituci\u00f3n.<\/p>\n<p>Destac\u00f3 la labor de la gobernadora Delfina G\u00f3mez \u00c1lvarez, por su iniciativa, coraz\u00f3n e impulso para lograr la recaudaci\u00f3n y as\u00ed favorecer la capacitaci\u00f3n, infraestructura, equipamiento y programas humanistas.<\/p>\n<p>Jorge Alberto Forastieri Mu\u00f1oz expuso que suspender la Colecta Nacional fue un duro golpe para Cruz Roja, pues m\u00e1s all\u00e1 de las monedas o billetes que se dejaron de captar, la instituci\u00f3n se alej\u00f3 de la sociedad, de ah\u00ed la importancia de reactivar la Colecta Nacional que permitir\u00e1 a la vez estar al pendiente y m\u00e1s cerca de los mexiquenses.<\/p>\n<p>Destac\u00f3 que la Cruz Roja Mexicana, es mucho m\u00e1s que atenci\u00f3n de accidentes, pues en el Estado de M\u00e9xico, solamente en el a\u00f1o 2023 se brindaron m\u00e1s de 41 mil servicios gratuitos y realizaron 45 mil 300 traslados de personas enfermas a bordo de sus ambulancias; a nivel nacional acopi\u00f3, llev\u00f3 y entreg\u00f3 casi 4 mil 600 toneladas de ayuda humanitaria a 473 mil damnificados por el paso del hurac\u00e1n Otis, en el estado de Guerrero, y brind\u00f3 m\u00e1s de medio mill\u00f3n de consultas generales y especializadas, cirug\u00edas y atenciones m\u00e9dicas en cl\u00ednicas y hospitales.<\/p>\n","protected":false},"excerpt":{"rendered":"<p>Con el Poder de Servir, el Gobierno del Estado de M\u00e9xico que encabeza la Maestra Delfina G\u00f3mez \u00c1lvarez, se suma al arranque de la recaudaci\u00f3n de fondos para la Colecta Anual de la Cruz Roja Mexicana 2024 \u201cTodos Somos H\u00e9roes\u201d, para fortalecer los servicios hospitalarios y humanitarios que ofrece la instituci\u00f3n y contribuir en su objetivo de brindar auxilio y salvar vidas.<\/p>\n","protected":false},"author":3,"featured_media":611549,"comment_status":"open","ping_status":"open","sticky":false,"template":"","format":"standard","meta":{"_monsterinsights_skip_tracking":false,"_monsterinsights_sitenote_active":false,"_monsterinsights_sitenote_note":"","_monsterinsights_sitenote_category":0,"footnotes":""},"categories":[5],"tags":[99507,43675,169],"class_list":["post-611450","post","type-post","status-publish","format-standard","has-post-thumbnail","hentry","category-estado-de-mexico","tag-colecta-anual-de-la-cruz-roja","tag-estado-de-mexico","tag-tlalnepantla"],"_links":{"self":[{"href":"https:\/\/www.diarioimagen.net\/index.php?rest_route=\/wp\/v2\/posts\/611450","targetHints":{"allow":["GET"]}}],"collection":[{"href":"https:\/\/www.diarioimagen.net\/index.php?rest_route=\/wp\/v2\/posts"}],"about":[{"href":"https:\/\/www.diarioimagen.net\/index.php?rest_route=\/wp\/v2\/types\/post"}],"author":[{"embeddable":true,"href":"https:\/\/www.diarioimagen.net\/index.php?rest_route=\/wp\/v2\/users\/3"}],"replies":[{"embeddable":true,"href":"https:\/\/www.diarioimagen.net\/index.php?rest_route=%2Fwp%2Fv2%2Fcomments&post=611450"}],"version-history":[{"count":0,"href":"https:\/\/www.diarioimagen.net\/index.php?rest_route=\/wp\/v2\/posts\/611450\/revisions"}],"wp:featuredmedia":[{"embeddable":true,"href":"https:\/\/www.diarioimagen.net\/index.php?rest_route=\/wp\/v2\/media\/611549"}],"wp:attachment":[{"href":"https:\/\/www.diarioimagen.net\/index.php?rest_route=%2Fwp%2Fv2%2Fmedia&parent=611450"}],"wp:term":[{"taxonomy":"category","embeddable":true,"href":"https:\/\/www.diarioimagen.net\/index.php?rest_route=%2Fwp%2Fv2%2Fcategories&post=611450"},{"taxonomy":"post_tag","embeddable":true,"href":"https:\/\/www.diarioimagen.net\/index.php?rest_route=%2Fwp%2Fv2%2Ftags&post=611450"}],"curies":[{"name":"wp","href":"https:\/\/api.w.org\/{rel}","templated":true}]}}