{"id":611481,"date":"2024-03-21T00:13:58","date_gmt":"2024-03-21T06:13:58","guid":{"rendered":"https:\/\/www.diarioimagen.net\/?p=611481"},"modified":"2024-03-21T04:14:03","modified_gmt":"2024-03-21T10:14:03","slug":"no-hay-que-denunciar","status":"publish","type":"post","link":"https:\/\/www.diarioimagen.net\/?p=611481","title":{"rendered":"\u201cNo hay que denunciar\u201d"},"content":{"rendered":"<h2>Se comenta s\u00f3lo con\u2026<\/h2>\n<h5>Carlos Ramos Padilla<\/h5>\n<p>&nbsp;<\/p>\n<p>AMLO ya super\u00f3 todos los l\u00edmites, ya perdi\u00f3 la noci\u00f3n y fuerza de sus declaraciones.<\/p>\n<p>Primero con que \u201cno me salgan con que la ley es la ley\u201d, luego acept\u00f3 que presion\u00f3 \u201crespetuosamente\u201d al impresentable ministro Zald\u00edvar para atender ciertos asuntos, m\u00e1s tarde se\u00f1al\u00f3 que sobre la ley est\u00e1 su moral y en Palenque, Chiapas, declar\u00f3 que \u201cno sirven de nada las denuncias. Ni se puede denunciar a un mafioso que est\u00e1 protegido por un Poder Judicial mafioso, porque forman parte de la misma mafia. Es perder el tiempo. Por eso no present\u00f3 ninguna denuncia. Loret de Mola es uno de los periodistas m\u00e1s corruptos de M\u00e9xico. Hace montajes y era amigo de Garc\u00eda Luna y ahora es amigo de los jueces, magistrados, ministros del Poder Judicial que est\u00e1 completamente corrompido. Es perder el tiempo\u201d.<\/p>\n<p>Entonces qu\u00e9, pregunto, vamos a la ley de la selva o, por el contrario, a las imposiciones arbitrarias de un s\u00f3lo hombre: el Presidente.<\/p>\n<p>Es lamentable, pero grav\u00edsimo, que el jefe de Estado pida no denunciar. Y parece que no es sorpresa, dado que ya hab\u00eda mandado al diablo a las instituciones. Pero el punto no es saber si el colega o los abogados son corruptos, sino de d\u00f3nde obtuvo el dinero P\u00edo L\u00f3pez Obrador, Eva Cadena y otros tantos personajes que manejan efectivo sin presentar declaraciones ante el SAT. E incluso a d\u00f3nde fue a parar ese dinero. Ese es el punto que AMLO no contesta.<\/p>\n<p>En diversas ocasiones pide pruebas, \u00a1pues ah\u00ed est\u00e1n las videograbaciones, que conteste! Se sacude la responsabilidad aduciendo que \u00e9l s\u00f3lo es responsable de Jes\u00fas Ernesto \u201cporque es menor de edad\u201d, pues ni eso, deber\u00eda de poner m\u00e1s atenci\u00f3n la deformidad f\u00edsica y la incultura que presenta su hijo menor por el evidente abandono familiar. Es el m\u00e1s claro ejemplo de un muy triste descuido.<\/p>\n<p>Se dice el tabasque\u00f1o \u201cdirigente de un proceso de transformaci\u00f3n\u201d para hasta en ese concepto se equivoca: es el Presidente de M\u00e9xico y su encargo constitucional no es nada m\u00e1s Jes\u00fas Ernesto, es el pa\u00eds, ese M\u00e9xico que se est\u00e1 desmoronando en materia de salud, de seguridad, de educaci\u00f3n\u2026 No me importa si Loret es amigo de Genaro o no, mientras no se atente contra la legalidad, pero s\u00ed es de mi incumbencia observar que no hay transparencia, que toda vez se suman m\u00e1s los actos de corrupci\u00f3n, que el cumplimiento de la legalidad no es asunto presidencial, que ya van m\u00e1s de 180 mil asesinatos y que su argumento es que en el pasado tambi\u00e9n se suced\u00edan los homicidios.<\/p>\n<p>Qu\u00e9 pensar\u00e1 una mujer ultrajada, violada, mutilada y secuestrada cuando escucha al Presidente afirmar que denunciar es \u201cperder el tiempo\u201d. Cu\u00e1l ser\u00e1 la reflexi\u00f3n de las madres rastreadoras o de los padres con ni\u00f1os enfermos. Qu\u00e9 con todos nosotros que sufrimos la extorsi\u00f3n polic\u00edaca o la presi\u00f3n del crimen organizado. Qu\u00e9 hay que hacer con los saqueadores y rateros, lo mismo en las calles que en las oficinas p\u00fablicas. \u00bfNo denunciar? \u00bfEntonces para que el Presidente exigue, pide pruebas sobre las sospechas que lo colocan como cercano a delincuentes? \u00bfPara qu\u00e9 quiere las pruebas, para desecharlas y no perder el tiempo? Incre\u00edble la \u201cmoral\u201d sobre las leyes del Presidente, en verdad incre\u00edble.<\/p>\n<p><a href=\"https:\/\/twitter.com\/cramospadilla?ref_src=twsrc%5Egoogle%7Ctwcamp%5Eserp%7Ctwgr%5Eauthor\" target=\"_blank\" rel=\"noopener\"><em>@cramospadilla<\/em><\/a><\/p>\n","protected":false},"excerpt":{"rendered":"<p><span style=\"color: #005497;\"><strong>Carlos Ramos Padilla<\/strong><\/span><\/p>\n","protected":false},"author":3,"featured_media":0,"comment_status":"open","ping_status":"open","sticky":false,"template":"","format":"standard","meta":{"_monsterinsights_skip_tracking":false,"_monsterinsights_sitenote_active":false,"_monsterinsights_sitenote_note":"","_monsterinsights_sitenote_category":0,"footnotes":""},"categories":[97109],"tags":[97108,43674,97107],"class_list":["post-611481","post","type-post","status-publish","format-standard","hentry","category-carlos-ramos-padilla","tag-carlos-ramos-padilla","tag-opinion","tag-se-comenta-solo-con"],"_links":{"self":[{"href":"https:\/\/www.diarioimagen.net\/index.php?rest_route=\/wp\/v2\/posts\/611481","targetHints":{"allow":["GET"]}}],"collection":[{"href":"https:\/\/www.diarioimagen.net\/index.php?rest_route=\/wp\/v2\/posts"}],"about":[{"href":"https:\/\/www.diarioimagen.net\/index.php?rest_route=\/wp\/v2\/types\/post"}],"author":[{"embeddable":true,"href":"https:\/\/www.diarioimagen.net\/index.php?rest_route=\/wp\/v2\/users\/3"}],"replies":[{"embeddable":true,"href":"https:\/\/www.diarioimagen.net\/index.php?rest_route=%2Fwp%2Fv2%2Fcomments&post=611481"}],"version-history":[{"count":0,"href":"https:\/\/www.diarioimagen.net\/index.php?rest_route=\/wp\/v2\/posts\/611481\/revisions"}],"wp:attachment":[{"href":"https:\/\/www.diarioimagen.net\/index.php?rest_route=%2Fwp%2Fv2%2Fmedia&parent=611481"}],"wp:term":[{"taxonomy":"category","embeddable":true,"href":"https:\/\/www.diarioimagen.net\/index.php?rest_route=%2Fwp%2Fv2%2Fcategories&post=611481"},{"taxonomy":"post_tag","embeddable":true,"href":"https:\/\/www.diarioimagen.net\/index.php?rest_route=%2Fwp%2Fv2%2Ftags&post=611481"}],"curies":[{"name":"wp","href":"https:\/\/api.w.org\/{rel}","templated":true}]}}