{"id":611583,"date":"2024-03-01T00:01:08","date_gmt":"2024-03-01T06:01:08","guid":{"rendered":"https:\/\/www.diarioimagen.net\/?p=611583"},"modified":"2024-03-01T03:37:55","modified_gmt":"2024-03-01T09:37:55","slug":"el-ex-alcalde-de-naucalpan-edgar-olvera-renuncia-al-pan-se-va-al-verde-ecologista","status":"publish","type":"post","link":"https:\/\/www.diarioimagen.net\/?p=611583","title":{"rendered":"El ex alcalde de Naucalpan, Edgar Olvera, renuncia al PAN; se va al Verde Ecologista"},"content":{"rendered":"<p>&nbsp;<\/p>\n<ul>\n<li><strong><em>Tras 38 a\u00f1os de militancia<\/em> <\/strong><\/li>\n<\/ul>\n<p>&nbsp;<\/p>\n<div id=\"attachment_611688\" style=\"width: 470px\" class=\"wp-caption aligncenter\"><a href=\"https:\/\/www.diarioimagen.net\/?attachment_id=611688\" rel=\"attachment wp-att-611688\"><img loading=\"lazy\" decoding=\"async\" aria-describedby=\"caption-attachment-611688\" class=\"size-full wp-image-611688\" src=\"https:\/\/www.diarioimagen.net\/wp-content\/uploads\/2024\/03\/ex-alcalde-naucalpan.jpg\" alt=\"\" width=\"460\" height=\"270\" \/><\/a><p id=\"caption-attachment-611688\" class=\"wp-caption-text\">Edgar Olvera Higuera renunci\u00f3 a 38 de militancia panista para sumarse a las filas del Partido Verde Ecologista de M\u00e9xico.<\/p><\/div>\n<p>&nbsp;<\/p>\n<p><strong>Naucalpan, Estado de M\u00e9xico.\u2014<\/strong> El ex presidente municipal de esta localidad, Edgar Olvera Higuera, despu\u00e9s de 38 a\u00f1os de militancia en el PAN, renunci\u00f3 a ese instituto pol\u00edtico para sumarse a las filas del Partido Verde Ecologista de M\u00e9xico. (PVEM).<\/p>\n<p>En conferencia de prensa, Olvera Higuera comparti\u00f3 en una carta (renuncia) enviada a los militantes panistas en la cual agradeci\u00f3 el apoyo que siempre recibi\u00f3 de militantes y simpatizantes del albiazul.<\/p>\n<p>\u201cMe gustar\u00eda contar que llegu\u00e9 al PAN por la puerta grande, pero la realidad fue que no hab\u00eda instalaciones del partido en los ochentas\u201d, coment\u00f3 al tiempo de reconocer\u00a0 que \u00a0fue por determinaci\u00f3n de sus padres, quienes lo encaminaron hacia ese partido pol\u00edtico.<\/p>\n<p>Por otra parte, Edgar Olvera lament\u00f3 el distanciamiento del PAN con los ciudadanos en a\u00f1os posteriores, la p\u00e9rdida de confianza y la falta de contacto con la ciudadan\u00eda.<\/p>\n<p>Critica la decisi\u00f3n del partido de aliarse con antiguos adversarios en lugar de mantener una alianza con la ciudadan\u00eda, lo que, en su opini\u00f3n, confundi\u00f3 a la ciudadan\u00eda y debilit\u00f3 la identidad del partido.<\/p>\n<p>A pesar de los cambios en el partido, Olvera siempre prefiri\u00f3 enfrentarse directamente a los ciudadanos y competir por la v\u00eda de mayor\u00eda, buscando representar fielmente sus intereses.<\/p>\n<p>Finalmente, expresa su cari\u00f1o y gratitud hacia todos los militantes y ciudadanos que lo acompa\u00f1aron en su trayectoria pol\u00edtica, y agradece al PAN por haber sido su casa durante todos estos a\u00f1os.<\/p>\n","protected":false},"excerpt":{"rendered":"<p>El ex presidente municipal de esta localidad, Edgar Olvera Higuera, despu\u00e9s de 38 a\u00f1os de militancia en el PAN, renunci\u00f3 a ese instituto pol\u00edtico para sumarse a las filas del Partido Verde Ecologista de M\u00e9xico. (PVEM).<\/p>\n","protected":false},"author":3,"featured_media":611688,"comment_status":"open","ping_status":"open","sticky":false,"template":"","format":"standard","meta":{"_monsterinsights_skip_tracking":false,"_monsterinsights_sitenote_active":false,"_monsterinsights_sitenote_note":"","_monsterinsights_sitenote_category":0,"footnotes":""},"categories":[5],"tags":[43675,970,91,13463],"class_list":["post-611583","post","type-post","status-publish","format-standard","has-post-thumbnail","hentry","category-estado-de-mexico","tag-estado-de-mexico","tag-naucalpan","tag-pan","tag-renuncia"],"_links":{"self":[{"href":"https:\/\/www.diarioimagen.net\/index.php?rest_route=\/wp\/v2\/posts\/611583","targetHints":{"allow":["GET"]}}],"collection":[{"href":"https:\/\/www.diarioimagen.net\/index.php?rest_route=\/wp\/v2\/posts"}],"about":[{"href":"https:\/\/www.diarioimagen.net\/index.php?rest_route=\/wp\/v2\/types\/post"}],"author":[{"embeddable":true,"href":"https:\/\/www.diarioimagen.net\/index.php?rest_route=\/wp\/v2\/users\/3"}],"replies":[{"embeddable":true,"href":"https:\/\/www.diarioimagen.net\/index.php?rest_route=%2Fwp%2Fv2%2Fcomments&post=611583"}],"version-history":[{"count":0,"href":"https:\/\/www.diarioimagen.net\/index.php?rest_route=\/wp\/v2\/posts\/611583\/revisions"}],"wp:featuredmedia":[{"embeddable":true,"href":"https:\/\/www.diarioimagen.net\/index.php?rest_route=\/wp\/v2\/media\/611688"}],"wp:attachment":[{"href":"https:\/\/www.diarioimagen.net\/index.php?rest_route=%2Fwp%2Fv2%2Fmedia&parent=611583"}],"wp:term":[{"taxonomy":"category","embeddable":true,"href":"https:\/\/www.diarioimagen.net\/index.php?rest_route=%2Fwp%2Fv2%2Fcategories&post=611583"},{"taxonomy":"post_tag","embeddable":true,"href":"https:\/\/www.diarioimagen.net\/index.php?rest_route=%2Fwp%2Fv2%2Ftags&post=611583"}],"curies":[{"name":"wp","href":"https:\/\/api.w.org\/{rel}","templated":true}]}}