{"id":611587,"date":"2024-03-01T00:02:02","date_gmt":"2024-03-01T06:02:02","guid":{"rendered":"https:\/\/www.diarioimagen.net\/?p=611587"},"modified":"2024-03-01T03:38:39","modified_gmt":"2024-03-01T09:38:39","slug":"el-prd-definira-candidaturas-hasta-el-24-de-marzo-omar-ortega-alvarez","status":"publish","type":"post","link":"https:\/\/www.diarioimagen.net\/?p=611587","title":{"rendered":"El PRD definir\u00e1 candidaturas hasta el 24 de marzo: Omar Ortega \u00c1lvarez"},"content":{"rendered":"<p>&nbsp;<\/p>\n<ul>\n<li><em><strong>Durante su consejo estatal<\/strong><\/em><\/li>\n<\/ul>\n<p>&nbsp;<\/p>\n<div id=\"attachment_611690\" style=\"width: 470px\" class=\"wp-caption aligncenter\"><a href=\"https:\/\/www.diarioimagen.net\/?attachment_id=611690\" rel=\"attachment wp-att-611690\"><img loading=\"lazy\" decoding=\"async\" aria-describedby=\"caption-attachment-611690\" class=\"size-full wp-image-611690\" src=\"https:\/\/www.diarioimagen.net\/wp-content\/uploads\/2024\/03\/prd-definira.jpg\" alt=\"\" width=\"460\" height=\"270\" \/><\/a><p id=\"caption-attachment-611690\" class=\"wp-caption-text\">Omar Ortega \u00c1lvarez, coordinador del grupo parlamentario del PRD, anunci\u00f3 que ser\u00e1 hasta el 24 de marzo cuando se definir\u00e1n las candidaturas para alcaldes y diputados.<\/p><\/div>\n<p>&nbsp;<\/p>\n<p><strong>Toluca, Estado de M\u00e9xico.\u2014<\/strong> Ser\u00e1 hasta el 24 de marzo, que se realizar\u00e1 el Consejo Estatal del Partido de la Revoluci\u00f3n Democr\u00e1tica (PRD), cuando se definir\u00e1n las candidaturas a integrantes de los ayuntamientos, as\u00ed como a las diputaciones locales tanto de mayor\u00eda, como de representaci\u00f3n proporcional.<\/p>\n<p>As\u00ed lo se\u00f1al\u00f3 Omar Ortega \u00c1lvarez, coordinador del grupo parlamentario de ese instituto pol\u00edtico, al ser entrevistado referente al proceso electoral 2024.<\/p>\n<p>A pregunta expresa de por qu\u00e9 se ha postergado la definici\u00f3n de los nombres a candidatos, Omar Ortega,\u00a0 se\u00f1al\u00f3 que las dirigencias de los partidos pol\u00edticos que conforman la alianza (PAN, PRI, PRD, Nueva Alianza) no se han reunido para definir los bloques de competitividad y de g\u00e9nero, lo cual ha retardado el proceso para que se decida en qu\u00e9 municipios y o distrito encabezar\u00e1 hombre o mujer.<\/p>\n<p>Dijo que en el tema de los municipios donde participar\u00e1n sin alianza, pr\u00e1cticamente se tienen definidos los bloques de competitividad, as\u00ed como de g\u00e9nero; sin embargo, ser\u00e1 hasta el 24 de marzo cuando se aprueben de forma oficial.<\/p>\n<p>Al finalizar la entrevista, Omar Ortega confi\u00f3 que las y los consejeros perredistas habr\u00e1n de elegir y aprobar a mujeres y hombres probos, en cada una de las candidaturas a las alcald\u00edas y diputaciones.<\/p>\n","protected":false},"excerpt":{"rendered":"<p>Ser\u00e1 hasta el 24 de marzo, que se realizar\u00e1 el Consejo Estatal del Partido de la Revoluci\u00f3n Democr\u00e1tica (PRD), cuando se definir\u00e1n las candidaturas a integrantes de los ayuntamientos, as\u00ed como a las diputaciones locales tanto de mayor\u00eda, como de representaci\u00f3n proporcional.<\/p>\n","protected":false},"author":3,"featured_media":611690,"comment_status":"open","ping_status":"open","sticky":false,"template":"","format":"standard","meta":{"_monsterinsights_skip_tracking":false,"_monsterinsights_sitenote_active":false,"_monsterinsights_sitenote_note":"","_monsterinsights_sitenote_category":0,"footnotes":""},"categories":[5],"tags":[99516],"class_list":["post-611587","post","type-post","status-publish","format-standard","has-post-thumbnail","hentry","category-estado-de-mexico","tag-el-prd-definira-candidaturas-hasta-el-24-de-marzo-omar-ortega-alvarrez"],"_links":{"self":[{"href":"https:\/\/www.diarioimagen.net\/index.php?rest_route=\/wp\/v2\/posts\/611587","targetHints":{"allow":["GET"]}}],"collection":[{"href":"https:\/\/www.diarioimagen.net\/index.php?rest_route=\/wp\/v2\/posts"}],"about":[{"href":"https:\/\/www.diarioimagen.net\/index.php?rest_route=\/wp\/v2\/types\/post"}],"author":[{"embeddable":true,"href":"https:\/\/www.diarioimagen.net\/index.php?rest_route=\/wp\/v2\/users\/3"}],"replies":[{"embeddable":true,"href":"https:\/\/www.diarioimagen.net\/index.php?rest_route=%2Fwp%2Fv2%2Fcomments&post=611587"}],"version-history":[{"count":0,"href":"https:\/\/www.diarioimagen.net\/index.php?rest_route=\/wp\/v2\/posts\/611587\/revisions"}],"wp:featuredmedia":[{"embeddable":true,"href":"https:\/\/www.diarioimagen.net\/index.php?rest_route=\/wp\/v2\/media\/611690"}],"wp:attachment":[{"href":"https:\/\/www.diarioimagen.net\/index.php?rest_route=%2Fwp%2Fv2%2Fmedia&parent=611587"}],"wp:term":[{"taxonomy":"category","embeddable":true,"href":"https:\/\/www.diarioimagen.net\/index.php?rest_route=%2Fwp%2Fv2%2Fcategories&post=611587"},{"taxonomy":"post_tag","embeddable":true,"href":"https:\/\/www.diarioimagen.net\/index.php?rest_route=%2Fwp%2Fv2%2Ftags&post=611587"}],"curies":[{"name":"wp","href":"https:\/\/api.w.org\/{rel}","templated":true}]}}