{"id":611588,"date":"2024-03-01T00:03:24","date_gmt":"2024-03-01T06:03:24","guid":{"rendered":"https:\/\/www.diarioimagen.net\/?p=611588"},"modified":"2024-03-01T03:39:19","modified_gmt":"2024-03-01T09:39:19","slug":"mayores-sanciones-para-moto-ratones-diputada-myriam-cardenas","status":"publish","type":"post","link":"https:\/\/www.diarioimagen.net\/?p=611588","title":{"rendered":"Mayores sanciones para \u201cmoto-ratones\u201d: diputada Myriam C\u00e1rdenas"},"content":{"rendered":"<p>&nbsp;<\/p>\n<p><a href=\"https:\/\/www.diarioimagen.net\/?attachment_id=611692\" rel=\"attachment wp-att-611692\"><img loading=\"lazy\" decoding=\"async\" class=\"aligncenter size-full wp-image-611692\" src=\"https:\/\/www.diarioimagen.net\/wp-content\/uploads\/2024\/03\/mayores-sanciones.jpg\" alt=\"\" width=\"460\" height=\"270\" \/><\/a><\/p>\n<p>&nbsp;<\/p>\n<p><strong>Valle de M\u00e9xico.\u2014 <\/strong>Al reconocer que los conocidos \u201cmoto ratones\u201d en el Estado de M\u00e9xico son un problema de seguridad p\u00fablica grave que afecta la paz y la seguridad de la poblaci\u00f3n, la diputada Myriam C\u00e1rdenas Rojas, en nombre del grupo parlamentario del PRI, plante\u00f3 sanciones de dos a nueve a\u00f1os de prisi\u00f3n para aquellos que en el delito de robo usen motocicletas.<\/p>\n<p>En sesi\u00f3n deliberante, la legisladora se\u00f1al\u00f3 que las reformas al C\u00f3digo Penal del Estado de M\u00e9xico plantean castigar de manera severa la conducta para proteger la esfera jur\u00eddica y la seguridad de las personas, aunado a la creaci\u00f3n de pol\u00edticas criminales y de prevenci\u00f3n por parte de las autoridades municipales y estatal.<\/p>\n<p>Comparti\u00f3 que, de acuerdo con fuentes de la Secretar\u00eda de Seguridad del Estado de M\u00e9xico (SSEM), as\u00ed como de la Fiscal\u00eda General de Justicia del Estado de M\u00e9xico (FGJEM), 70 por ciento de los il\u00edcitos cometidos en sus demarcaciones, como asesinatos, robos a transe\u00fantes, comerciantes y unidades del servicio de transporte p\u00fablico de pasajeros, as\u00ed como de carga, son perpetrados por sujetos que utilizan motocicletas.<\/p>\n<p>A\u00f1adi\u00f3 que, seg\u00fan cifras del Observatorio Nacional Ciudadano (ONC), el Estado de M\u00e9xico lidera la lista de entidades con mayor n\u00famero de denuncias por robo a transe\u00fante en el pa\u00eds, pues tan solo en el primer bimestre de 2022 se iniciaron 7 mil 193 carpetas de investigaci\u00f3n por este delito en sus diferentes modalidades, lo que represent\u00f3 en promedio 122 casos por d\u00eda.<\/p>\n<p>Adem\u00e1s, de acuerdo con cifras del Instituto Nacional de Estad\u00edstica y Geograf\u00eda, 72 por ciento de los encuestados dijeron no haber denunciado por causas atribuibles a las autoridades, desde la desconfianza a elementos de seguridad p\u00fablica y ministerios p\u00fablicos, o por miedo a los agresores.<\/p>\n<p>La legisladora subray\u00f3 que su iniciativa, que analizar\u00e1 la Comisi\u00f3n de Procuraci\u00f3n y Administraci\u00f3n de Justicia, no pretende criminalizar o estigmatizar el uso motocicletas o a los usuarios, sino que se busca dotar de herramientas al \u00f3rgano jurisdiccional, para que al momento de que el juzgador estime las caracter\u00edsticas y circunstancias del robo se cuente con los elementos probatorios suficientes para determinar que el uso de motocicletas fue un instrumento del delito.<\/p>\n","protected":false},"excerpt":{"rendered":"<p>Al reconocer que los conocidos \u201cmoto ratones\u201d en el Estado de M\u00e9xico son un problema de seguridad p\u00fablica grave que afecta la paz y la seguridad de la poblaci\u00f3n, la diputada Myriam C\u00e1rdenas Rojas, en nombre del grupo parlamentario del PRI, plante\u00f3 sanciones de dos a nueve a\u00f1os de prisi\u00f3n para aquellos que en el delito de robo usen motocicletas.<\/p>\n","protected":false},"author":3,"featured_media":611692,"comment_status":"open","ping_status":"open","sticky":false,"template":"","format":"standard","meta":{"_monsterinsights_skip_tracking":false,"_monsterinsights_sitenote_active":false,"_monsterinsights_sitenote_note":"","_monsterinsights_sitenote_category":0,"footnotes":""},"categories":[5],"tags":[43675,99517],"class_list":["post-611588","post","type-post","status-publish","format-standard","has-post-thumbnail","hentry","category-estado-de-mexico","tag-estado-de-mexico","tag-myriam-cardenas"],"_links":{"self":[{"href":"https:\/\/www.diarioimagen.net\/index.php?rest_route=\/wp\/v2\/posts\/611588","targetHints":{"allow":["GET"]}}],"collection":[{"href":"https:\/\/www.diarioimagen.net\/index.php?rest_route=\/wp\/v2\/posts"}],"about":[{"href":"https:\/\/www.diarioimagen.net\/index.php?rest_route=\/wp\/v2\/types\/post"}],"author":[{"embeddable":true,"href":"https:\/\/www.diarioimagen.net\/index.php?rest_route=\/wp\/v2\/users\/3"}],"replies":[{"embeddable":true,"href":"https:\/\/www.diarioimagen.net\/index.php?rest_route=%2Fwp%2Fv2%2Fcomments&post=611588"}],"version-history":[{"count":0,"href":"https:\/\/www.diarioimagen.net\/index.php?rest_route=\/wp\/v2\/posts\/611588\/revisions"}],"wp:featuredmedia":[{"embeddable":true,"href":"https:\/\/www.diarioimagen.net\/index.php?rest_route=\/wp\/v2\/media\/611692"}],"wp:attachment":[{"href":"https:\/\/www.diarioimagen.net\/index.php?rest_route=%2Fwp%2Fv2%2Fmedia&parent=611588"}],"wp:term":[{"taxonomy":"category","embeddable":true,"href":"https:\/\/www.diarioimagen.net\/index.php?rest_route=%2Fwp%2Fv2%2Fcategories&post=611588"},{"taxonomy":"post_tag","embeddable":true,"href":"https:\/\/www.diarioimagen.net\/index.php?rest_route=%2Fwp%2Fv2%2Ftags&post=611588"}],"curies":[{"name":"wp","href":"https:\/\/api.w.org\/{rel}","templated":true}]}}