{"id":611612,"date":"2024-03-01T00:04:02","date_gmt":"2024-03-01T06:04:02","guid":{"rendered":"https:\/\/www.diarioimagen.net\/?p=611612"},"modified":"2024-03-01T02:44:48","modified_gmt":"2024-03-01T08:44:48","slug":"el-honor","status":"publish","type":"post","link":"https:\/\/www.diarioimagen.net\/?p=611612","title":{"rendered":"El honor"},"content":{"rendered":"<h2>De pe a pa<\/h2>\n<h5>Alberto Vieyra G.<\/h5>\n<p>&nbsp;<\/p>\n<p>Un escandaloso monto de 600 millones de pesos por da\u00f1o moral y por haber hecho trizas su honor, es lo que exige P\u00edo L\u00f3pez Obrador, hermano de quien usted ya sabe, al periodista Carlos Loret de Mola, a la empresa Latinus y al ex funcionario de L\u00f3pez Obrador, David Le\u00f3n Romero y todo parece indicar que estamos ante una descarada extorsi\u00f3n a cargo de la nueva mafia del poder.<\/p>\n<p>El hermano P\u00edo fue captado recibiendo abultados sobres amarillos con dinero de dudosa procedencia, un sobre por 400 mil pesos y un paquete con valor de 1 mill\u00f3n de pesos que le fueron filtrados a Loret y v\u00eddeos difundidos a trav\u00e9s de su noticiero en Latinus. Ese inmoral hecho indign\u00f3 al Presidente y a su hermanito, quien ni tardo ni perezoso y sabedor de que goza de impunidad, demand\u00f3 al periodista por 200 millones de pesos m\u00e1s otros 200 a Latinus y de pil\u00f3n a David Le\u00f3n Romero, que en su calidad de operador del gobierno chiapaneco le entregaba cada mes dichas cantidades al hermano de AMLO, quien sin ning\u00fan escr\u00fapulo declar\u00f3 que esa lana era para sostener el movimiento pol\u00edtico que su hermano llevaba a cabo, pero la difusi\u00f3n de tal hecho inmoral hizo que explotara el inquilino de Palacio Nacional y ya se ve que la demanda penal contra Loret de Mola no s\u00f3lo es en venganza por las reiteradas publicaciones que en materia de corrupci\u00f3n ha realizado el comunicador contra la familia presidencial, incluyendo a los hijos del Presidente y a los primos de estos, que en opini\u00f3n de analistas y observadores est\u00e1n llamados a ser los nuevos s\u00faper ricos de M\u00e9xico, pues est\u00e1n amansando escandalosas fortunas por m\u00e1s de 30 mil millones de pesos, despu\u00e9s de lograr esos millonarios contratos sin licitaci\u00f3n en obras como el Tren Maya, el Aeropuerto Felipe \u00c1ngeles, Pemex y otras empresas que son aut\u00e9nticos barriles sin fondo.<\/p>\n<p>El pasado martes, Loret de Mola compareci\u00f3 ante un juzgado para un careo con P\u00edo L\u00f3pez Obrador y David Le\u00f3n Romero, en donde al final de la audiencia el poderoso hermano se dio el lujo de amenazar al m\u00e1s puro estilo de las mafias a Le\u00f3n Romero dici\u00e9ndole \u201ccu\u00eddate t\u00fa y cuida tambi\u00e9n a tu familia\u201d.<\/p>\n<p>Esos son los hechos que han motivado la indignaci\u00f3n generalizada del gremio period\u00edstico de M\u00e9xico, que hoy en un nuevo hashtag se puede leer #todossomosLoret.<\/p>\n<p>Pero usted se preguntar\u00e1: C\u00f3mo es que si a P\u00edo lo agarraron con las manos en la masa recibiendo dinero de dudosa procedencia y Loret de Mola lo \u00fanico que hizo fue divulgarlo como lo har\u00eda cualquier periodista profesional, \u00bfcu\u00e1l ser\u00eda el pecado cometido por Loret de Mola por haber dado al traste con el honor del hermano del Presidente?<\/p>\n<p>\u00bfNo le parece a usted que P\u00edo y su hermano deber\u00edan avergonzarse, despu\u00e9s de que \u00e9ste fue captado en un hecho inmoral, deshonesto e imp\u00fadico? \u00bfQu\u00e9 tiene que reclamar, cuando deber\u00eda tener verg\u00fcenza y someterse a la justicia para que los mexicanos sepamos si se trataba de dinero mal habido o desviado del gobierno chiapaneco y que eran recursos p\u00fablicos?<\/p>\n<p>Pero, veamos \u00bfqu\u00e9 es el honor? El <em>tumbaburros<\/em> es bien categ\u00f3rico. Dice:<\/p>\n<p>El honor es una cualidad moral que lleva al recto cumplimiento del deber y que hace a quien lo posee acreedor al respeto de los dem\u00e1s y a la propia estima.<\/p>\n<p>\u00bfCu\u00e1l honor trastoc\u00f3 Loret de Mola en un hecho por dem\u00e1s indignante y vergonzoso que exhibe al gobierno de L\u00f3pez Obrador como un aut\u00f3crata corrupto y dictatorial y no como un dem\u00f3crata? \u00bfSabr\u00e1n que el respeto se gana con acciones de gobierno que merezcan el respeto ciudadano? \u00bfPara qu\u00e9 estar friega y friega de que el de AMLO es el gobierno de <em>la pureza democr\u00e1tica<\/em> de \u201cno mentir, no robar y no traicionar\u201d?<\/p>\n<p><em><a href=\"mailto:info@agenciamn.com\" target=\"_blank\" rel=\"noopener noreferrer\">info@agenciamn.com<\/a><\/em><\/p>\n","protected":false},"excerpt":{"rendered":"<p><span style=\"color: #005497;\"><strong>Alberto Vieyra G.<\/strong><\/span><\/p>\n","protected":false},"author":3,"featured_media":0,"comment_status":"open","ping_status":"open","sticky":false,"template":"","format":"standard","meta":{"_monsterinsights_skip_tracking":false,"_monsterinsights_sitenote_active":false,"_monsterinsights_sitenote_note":"","_monsterinsights_sitenote_category":0,"footnotes":""},"categories":[4596],"tags":[43697,4597,43674],"class_list":["post-611612","post","type-post","status-publish","format-standard","hentry","category-alberto-vieyra-g","tag-alberto-vieyra-g","tag-de-pe-a-pa","tag-opinion"],"_links":{"self":[{"href":"https:\/\/www.diarioimagen.net\/index.php?rest_route=\/wp\/v2\/posts\/611612","targetHints":{"allow":["GET"]}}],"collection":[{"href":"https:\/\/www.diarioimagen.net\/index.php?rest_route=\/wp\/v2\/posts"}],"about":[{"href":"https:\/\/www.diarioimagen.net\/index.php?rest_route=\/wp\/v2\/types\/post"}],"author":[{"embeddable":true,"href":"https:\/\/www.diarioimagen.net\/index.php?rest_route=\/wp\/v2\/users\/3"}],"replies":[{"embeddable":true,"href":"https:\/\/www.diarioimagen.net\/index.php?rest_route=%2Fwp%2Fv2%2Fcomments&post=611612"}],"version-history":[{"count":0,"href":"https:\/\/www.diarioimagen.net\/index.php?rest_route=\/wp\/v2\/posts\/611612\/revisions"}],"wp:attachment":[{"href":"https:\/\/www.diarioimagen.net\/index.php?rest_route=%2Fwp%2Fv2%2Fmedia&parent=611612"}],"wp:term":[{"taxonomy":"category","embeddable":true,"href":"https:\/\/www.diarioimagen.net\/index.php?rest_route=%2Fwp%2Fv2%2Fcategories&post=611612"},{"taxonomy":"post_tag","embeddable":true,"href":"https:\/\/www.diarioimagen.net\/index.php?rest_route=%2Fwp%2Fv2%2Ftags&post=611612"}],"curies":[{"name":"wp","href":"https:\/\/api.w.org\/{rel}","templated":true}]}}