{"id":611718,"date":"2024-03-04T00:06:45","date_gmt":"2024-03-04T06:06:45","guid":{"rendered":"https:\/\/www.diarioimagen.net\/?p=611718"},"modified":"2024-03-05T00:24:59","modified_gmt":"2024-03-05T06:24:59","slug":"uaemex-actualiza-plan-de-estudios-del-nivel-medio-superior-en-beneficio-del-alumnado-y-profesorado","status":"publish","type":"post","link":"https:\/\/www.diarioimagen.net\/?p=611718","title":{"rendered":"UAEM\u00e9x actualiza plan de estudios del nivel medio superior en beneficio del alumnado y profesorado"},"content":{"rendered":"<p>&nbsp;<\/p>\n<div id=\"attachment_611808\" style=\"width: 470px\" class=\"wp-caption aligncenter\"><a href=\"https:\/\/www.diarioimagen.net\/?attachment_id=611808\" rel=\"attachment wp-att-611808\"><img loading=\"lazy\" decoding=\"async\" aria-describedby=\"caption-attachment-611808\" class=\"size-full wp-image-611808\" src=\"https:\/\/www.diarioimagen.net\/wp-content\/uploads\/2024\/03\/uaem-actualiza.jpg\" alt=\"\" width=\"460\" height=\"270\" \/><\/a><p id=\"caption-attachment-611808\" class=\"wp-caption-text\">El H. Consejo Universitario aprob\u00f3 la reestructuraci\u00f3n del Curr\u00edculum de Bachillerato Universitario (CBU) 2024 que se impartir\u00e1 a partir del Ciclo Escolar 2024-2005.<\/p><\/div>\n<p>&nbsp;<\/p>\n<p><strong>Toluca, Estado de M\u00e9xico.<\/strong>\u2014 Con el objetivo de atender a las necesidades actuales del alumnado y profesorado de nivel medio superior, el H. Consejo Universitario de la Universidad Aut\u00f3noma del Estado de M\u00e9xico (UAEM\u00e9x) aprob\u00f3 la reestructuraci\u00f3n del Curr\u00edculum de Bachillerato Universitario (CBU) 2024<\/p>\n<p>Durante la Sesi\u00f3n Ordinaria del H. Consejo Universitario correspondiente al mes de febrero, encabezada por el rector, Carlos Eduardo Barrera D\u00edaz, se explic\u00f3 que la actualizaci\u00f3n al CBU tendr\u00e1 efecto en las modalidades escolarizada, no escolarizada y mixta; se impartir\u00e1 a partir del Ciclo Escolar 2024-2025 .<\/p>\n<p>Del mismo modo, se aprob\u00f3 la creaci\u00f3n del Diplomado Superior Comunicaci\u00f3n Cient\u00edfica Efectiva para P\u00fablicos Internacionales presentado por las Facultades de Odontolog\u00eda y Qu\u00edmica, con el objetivo de que las y los profesionistas puedan realizar un art\u00edculo cient\u00edfico o un cap\u00edtulo del libro en idioma ingl\u00e9s.\u00a0 Este diplomado tendr\u00e1 una duraci\u00f3n de 210 horas. Asimismo, el H. Consejo Universitario aprob\u00f3 la reestructuraci\u00f3n de los proyectos curriculares de siete licenciaturas: Negocios Internacionales, Derecho Internacional, Ingeniero Agr\u00f3nomo en Floricultura, Ingeniero Agr\u00f3nomo Fitotecnista, Log\u00edstica, M\u00fasica e Historia con el prop\u00f3sito de ser impartidas en modalidad mixta y no escolarizada.<\/p>\n<p>En este mismo sentido se aprobaron las adendas a las especialidades m\u00e9dicas en Epidemiolog\u00eda, Medicina Cr\u00edtica y Medicina de Urgencias en los hospitales General Zona No. 194,\u00a0 General Regional No. 220 y General de Zona No. 252 del Instituto Mexicano del Seguro Social (IMSS).\u00a0 Adem\u00e1s, la adenda al Diplomado Superior en Empresa Social que se ofertar\u00e1 en el Centro Universitario UAEM Amecameca, el cual tendr\u00e1 una duraci\u00f3n de 200 horas.<\/p>\n<p>Tambi\u00e9n fueron aprobados los Planes de Desarrollo 2023-2027 del Centro Universitario UAEM Ecatepec, del Plantel \u201cTexcoco\u201d de la Escuela Preparatoria y de la Facultad de Turismo y Gastronom\u00eda.<\/p>\n<p>Durante esta sesi\u00f3n, se tom\u00f3 protesta al director del Centro Universitario UAEM Amecameca, Miguel \u00c1ngel de Guadalupe S\u00e1nchez Ramos. Tambi\u00e9n rindieron protesta las y los representantes del personal acad\u00e9mico de las facultades de Geograf\u00eda, Ingenier\u00eda, Planeaci\u00f3n Urbana y Regional, Medicina Veterinaria y Zootecnia, Turismo y Gastronom\u00eda y a los representantes del alumnado de las Facultades de Derecho, Geograf\u00eda, Ingenier\u00eda, Planeaci\u00f3n Urbana y Regional y del Plantel \u201cNezahualc\u00f3yotl\u201d de la Escuela Preparatoria.<\/p>\n<p>Finalmente, el titular de la Defensor\u00eda de los Derechos Universitarios, Yoab Osiris Ram\u00edrez Prado, rindi\u00f3 su informe de labores en donde destac\u00f3 que se implement\u00f3 el programa \u201cAula por Aula\u201d, el cual consisti\u00f3 en visitar las aulas universitarias en siete minutos para difundir los derechos, obligaciones, as\u00ed como el C\u00f3digo de Conducta de la Aut\u00f3noma mexiquense.<\/p>\n<p>Posterior a la sesi\u00f3n, el rector Barrera Diaz, en compa\u00f1\u00eda de la secretar\u00eda de Administraci\u00f3n, Er\u00e9ndira Fierro Moreno y el secretario de Rector\u00eda, Marco Aurelio Cienfuegos Terr\u00f3n, hizo entrega del Reconocimiento al Fortalecimiento Universitario \u201cLuis Mario Schneider\u201d a los alcaldes de Atizap\u00e1n de Zaragoza y Tejupilco por sus contribuciones al mejoramiento de la infraestructura universitaria.<\/p>\n","protected":false},"excerpt":{"rendered":"<p>Con el objetivo de atender a las necesidades actuales del alumnado y profesorado de nivel medio superior, el H. Consejo Universitario de la Universidad Aut\u00f3noma del Estado de M\u00e9xico (UAEM\u00e9x) aprob\u00f3 la reestructuraci\u00f3n del Curr\u00edculum de Bachillerato Universitario (CBU) 2024\u00a0<\/p>\n","protected":false},"author":3,"featured_media":611808,"comment_status":"open","ping_status":"open","sticky":false,"template":"","format":"standard","meta":{"_monsterinsights_skip_tracking":false,"_monsterinsights_sitenote_active":false,"_monsterinsights_sitenote_note":"","_monsterinsights_sitenote_category":0,"footnotes":""},"categories":[5],"tags":[98588,99522,99523,67878],"class_list":["post-611718","post","type-post","status-publish","format-standard","has-post-thumbnail","hentry","category-estado-de-mexico","tag-actualiza","tag-alumnado","tag-profesora","tag-uaemex"],"_links":{"self":[{"href":"https:\/\/www.diarioimagen.net\/index.php?rest_route=\/wp\/v2\/posts\/611718","targetHints":{"allow":["GET"]}}],"collection":[{"href":"https:\/\/www.diarioimagen.net\/index.php?rest_route=\/wp\/v2\/posts"}],"about":[{"href":"https:\/\/www.diarioimagen.net\/index.php?rest_route=\/wp\/v2\/types\/post"}],"author":[{"embeddable":true,"href":"https:\/\/www.diarioimagen.net\/index.php?rest_route=\/wp\/v2\/users\/3"}],"replies":[{"embeddable":true,"href":"https:\/\/www.diarioimagen.net\/index.php?rest_route=%2Fwp%2Fv2%2Fcomments&post=611718"}],"version-history":[{"count":0,"href":"https:\/\/www.diarioimagen.net\/index.php?rest_route=\/wp\/v2\/posts\/611718\/revisions"}],"wp:featuredmedia":[{"embeddable":true,"href":"https:\/\/www.diarioimagen.net\/index.php?rest_route=\/wp\/v2\/media\/611808"}],"wp:attachment":[{"href":"https:\/\/www.diarioimagen.net\/index.php?rest_route=%2Fwp%2Fv2%2Fmedia&parent=611718"}],"wp:term":[{"taxonomy":"category","embeddable":true,"href":"https:\/\/www.diarioimagen.net\/index.php?rest_route=%2Fwp%2Fv2%2Fcategories&post=611718"},{"taxonomy":"post_tag","embeddable":true,"href":"https:\/\/www.diarioimagen.net\/index.php?rest_route=%2Fwp%2Fv2%2Ftags&post=611718"}],"curies":[{"name":"wp","href":"https:\/\/api.w.org\/{rel}","templated":true}]}}