{"id":611720,"date":"2024-03-04T00:05:09","date_gmt":"2024-03-04T06:05:09","guid":{"rendered":"https:\/\/www.diarioimagen.net\/?p=611720"},"modified":"2024-03-05T00:23:54","modified_gmt":"2024-03-05T06:23:54","slug":"himno-institucional-de-la-uaemex-herencia-del-espiritu-institutense","status":"publish","type":"post","link":"https:\/\/www.diarioimagen.net\/?p=611720","title":{"rendered":"Himno institucional de la UAEM\u00e9x, herencia del esp\u00edritu institutense"},"content":{"rendered":"<p>&nbsp;<\/p>\n<h1 style=\"text-align: center;\">A 195 a\u00f1os del ICLA:<\/h1>\n<p>&nbsp;<\/p>\n<div id=\"attachment_611806\" style=\"width: 470px\" class=\"wp-caption aligncenter\"><a href=\"https:\/\/www.diarioimagen.net\/?attachment_id=611806\" rel=\"attachment wp-att-611806\"><img loading=\"lazy\" decoding=\"async\" aria-describedby=\"caption-attachment-611806\" class=\"size-full wp-image-611806\" src=\"https:\/\/www.diarioimagen.net\/wp-content\/uploads\/2024\/03\/uaem-himno.jpg\" alt=\"\" width=\"460\" height=\"270\" \/><\/a><p id=\"caption-attachment-611806\" class=\"wp-caption-text\">En la actualidad, el himno es parte fundamental de la identidad universitaria y suele cantarse al final de las ceremonias oficiales, sin embargo, su historia remonta a cerca de 100 a\u00f1os atr\u00e1s en el tiempo.<\/p><\/div>\n<p>&nbsp;<\/p>\n<p><strong>Toluca, Estado de M\u00e9xico.<\/strong>\u2014 El himno institucional de la Universidad Aut\u00f3noma del Estado de M\u00e9xico (UAEM\u00e9x) es herencia del Instituto Cient\u00edfico y Literario. A trav\u00e9s de sus versos y acordes refleja el esp\u00edritu de la comunidad universitaria y ha acompa\u00f1ado a la instituci\u00f3n en su deber por la b\u00fasqueda del saber desde 1928. Dicho s\u00edmbolo universitario, se reconoce como tal en el art\u00edculo 8 de la Gaceta de S\u00edmbolos Universitarios.<\/p>\n<p>El himno es un canto de estilo \u00e9pico y que est\u00e1 escrito en 40 versos decas\u00edlabos distribuidos en un coro de cuatro versos de 10 s\u00edlabas cada uno (cuarteto de decas\u00edlabos) y de cuatro estrofas, cada una integrada por ocho versos de 10 s\u00edlabas cada uno (octavas de decas\u00edlabos).<\/p>\n<p>En la actualidad, el himno es parte fundamental de la identidad universitaria y\u00a0 suele cantarse al final de las ceremonias oficiales, sin embargo, su historia remonta a cerca de 100 a\u00f1os atr\u00e1s en el tiempo.<\/p>\n<p>Transcurr\u00edan los primeros d\u00edas del a\u00f1o de 1927 cuando el Consejo Directivo buscaba celebrar el primer centenario del Instituto Cient\u00edfico y Literario (ICL). Parte de dicho programa, implicaba componer un himno para la Instituci\u00f3n, se design\u00f3 para tal labor al poeta institutense Horacio Z\u00fa\u00f1iga Anaya, quien a su vez, hab\u00eda recomendado a Felipe Mendoza para componer la m\u00fasica de dicho himno.<\/p>\n<p>De esta forma, para el 3 de marzo del a\u00f1o siguiente, como parte de los festejos del Primer Centenario de la Fundaci\u00f3n del Instituto, el Himno fue entonado por primera vez de manera oficial por un grupo selecto de alumnos del ICL de solfeo y orfe\u00f3n con el acompa\u00f1amiento de la Banda de M\u00fasica del Estado de M\u00e9xico.<\/p>\n<p>Desde entonces se adopt\u00f3 como himno oficial del instituto, por ello cuando en 1956, el ICLA se transform\u00f3 en Universidad, se decidi\u00f3 conservar el himno, pues seg\u00fan Ordo\u00f1ez Huerta, citado por Palma (2014), refleja los \u201cideales transformadores de la M\u00e1xima Casa de Estudios estatal.\u201d, representando al lugar donde se alimenta el alma y la mente a trav\u00e9s del conocimiento.<\/p>\n<p style=\"text-align: center;\"><strong>*Himno universitario, met\u00e1fora continua*<\/strong><\/p>\n<p>Emilio Hern\u00e1ndez Garc\u00eda, director del Coro Universitario de la UAEM\u00e9x, refiere que la letra del himno es una \u201cmet\u00e1fora continua\u201d, debido a la formaci\u00f3n literaria y sensibilidad con la que contaba Horacio Z\u00fa\u00f1iga. \u201cUtilizaba la met\u00e1fora y todos sus conocimientos hist\u00f3ricos y literarios\u201d, apunt\u00f3.<\/p>\n<p>\u201cComo todos los himnos, responden a ciertos espacios hist\u00f3ricos; lo que es importante es entender el mensaje, lo que queremos es ser mejores, es aprender, ser honrados, lo que queremos es libar en los profesores su experiencia y sabidur\u00eda. Lo importante es la identificaci\u00f3n y valores que nos dan las palabras que estamos oyendo\u201d, concluy\u00f3.<\/p>\n","protected":false},"excerpt":{"rendered":"<p>El himno institucional de la Universidad Aut\u00f3noma del Estado de M\u00e9xico (UAEM\u00e9x) es herencia del Instituto Cient\u00edfico y Literario. A trav\u00e9s de sus versos y acordes refleja el esp\u00edritu de la comunidad universitaria y ha acompa\u00f1ado a la instituci\u00f3n en su deber por la b\u00fasqueda del saber desde 1928. Dicho s\u00edmbolo universitario, se reconoce como tal en el art\u00edculo 8 de la Gaceta de S\u00edmbolos Universitarios.<\/p>\n","protected":false},"author":3,"featured_media":611806,"comment_status":"open","ping_status":"open","sticky":false,"template":"","format":"standard","meta":{"_monsterinsights_skip_tracking":false,"_monsterinsights_sitenote_active":false,"_monsterinsights_sitenote_note":"","_monsterinsights_sitenote_category":0,"footnotes":""},"categories":[5],"tags":[49873,69618,67878],"class_list":["post-611720","post","type-post","status-publish","format-standard","has-post-thumbnail","hentry","category-estado-de-mexico","tag-herencia","tag-himno","tag-uaemex"],"_links":{"self":[{"href":"https:\/\/www.diarioimagen.net\/index.php?rest_route=\/wp\/v2\/posts\/611720","targetHints":{"allow":["GET"]}}],"collection":[{"href":"https:\/\/www.diarioimagen.net\/index.php?rest_route=\/wp\/v2\/posts"}],"about":[{"href":"https:\/\/www.diarioimagen.net\/index.php?rest_route=\/wp\/v2\/types\/post"}],"author":[{"embeddable":true,"href":"https:\/\/www.diarioimagen.net\/index.php?rest_route=\/wp\/v2\/users\/3"}],"replies":[{"embeddable":true,"href":"https:\/\/www.diarioimagen.net\/index.php?rest_route=%2Fwp%2Fv2%2Fcomments&post=611720"}],"version-history":[{"count":0,"href":"https:\/\/www.diarioimagen.net\/index.php?rest_route=\/wp\/v2\/posts\/611720\/revisions"}],"wp:featuredmedia":[{"embeddable":true,"href":"https:\/\/www.diarioimagen.net\/index.php?rest_route=\/wp\/v2\/media\/611806"}],"wp:attachment":[{"href":"https:\/\/www.diarioimagen.net\/index.php?rest_route=%2Fwp%2Fv2%2Fmedia&parent=611720"}],"wp:term":[{"taxonomy":"category","embeddable":true,"href":"https:\/\/www.diarioimagen.net\/index.php?rest_route=%2Fwp%2Fv2%2Fcategories&post=611720"},{"taxonomy":"post_tag","embeddable":true,"href":"https:\/\/www.diarioimagen.net\/index.php?rest_route=%2Fwp%2Fv2%2Ftags&post=611720"}],"curies":[{"name":"wp","href":"https:\/\/api.w.org\/{rel}","templated":true}]}}