{"id":611727,"date":"2024-03-04T00:03:02","date_gmt":"2024-03-04T06:03:02","guid":{"rendered":"https:\/\/www.diarioimagen.net\/?p=611727"},"modified":"2024-03-04T01:33:01","modified_gmt":"2024-03-04T07:33:01","slug":"denuncian-acarreo-en-favor-de-sheinbaum","status":"publish","type":"post","link":"https:\/\/www.diarioimagen.net\/?p=611727","title":{"rendered":"Denuncian acarreo en favor de Sheinbaum"},"content":{"rendered":"<p>&nbsp;<\/p>\n<p><a href=\"https:\/\/www.diarioimagen.net\/?attachment_id=611834\" rel=\"attachment wp-att-611834\"><img loading=\"lazy\" decoding=\"async\" class=\"aligncenter size-full wp-image-611834\" src=\"https:\/\/www.diarioimagen.net\/wp-content\/uploads\/2024\/03\/denuncian-acarreo.jpg\" alt=\"\" width=\"460\" height=\"270\" \/><\/a><\/p>\n<p>&nbsp;<\/p>\n<p><strong>Valle de M\u00e9xico.\u2014<\/strong> Desde diversos puntos del Estado de M\u00e9xico, se \u201cconvoc\u00f3\u201d a militantes de Morena a asistir al inicio de campa\u00f1a de Claudia Sheinbaum en el Z\u00f3calo de la Ciudad de M\u00e9xico, bajo amenaza de no recibir apoyos de los programas del bienestar.<\/p>\n<p>As\u00ed lo manifestaron l\u00edderes partidistas del PRI, PAN y PRD, en municipios como son Naucalpan, Tlalnepantla, Atizap\u00e1n de Zaragoza, Cuautitl\u00e1n Izcalli, entre otros, quienes, en voz de Carlos Corona, dirigente del tricolor naucalpense, mismo que destac\u00f3 que \u201clos votos se ganan con propuestas y no con falsas encuestas, acarreos o amenazas\u201d.<\/p>\n<p>Los denunciantes, con gr\u00e1ficas y evidencias en mano, expresaron que \u201cuna vez m\u00e1s, el Movimiento de Regeneraci\u00f3n Nacional, utiliza el acarreo para apoyar a su candidata a la presidencia de la Rep\u00fablica y mostrar el m\u00fasculo pol\u00edtico que no tienen\u201d, reiteraron.<\/p>\n<p>Afirmaron que presentar\u00e1n una denuncia ante la autoridad competente para evidenciar que se est\u00e1n utilizando programas sociales para acudir a eventos y votar a favor de Claudia Sheinbaum.<\/p>\n","protected":false},"excerpt":{"rendered":"<p>Desde diversos puntos del Estado de M\u00e9xico, se \u201cconvoc\u00f3\u201d a militantes de Morena a asistir al inicio de campa\u00f1a de Claudia Sheinbaum en el Z\u00f3calo de la Ciudad de M\u00e9xico, bajo amenaza de no recibir apoyos de los programas del bienestar.<\/p>\n","protected":false},"author":3,"featured_media":611834,"comment_status":"open","ping_status":"open","sticky":false,"template":"","format":"standard","meta":{"_monsterinsights_skip_tracking":false,"_monsterinsights_sitenote_active":false,"_monsterinsights_sitenote_note":"","_monsterinsights_sitenote_category":0,"footnotes":""},"categories":[5],"tags":[99524,72207],"class_list":["post-611727","post","type-post","status-publish","format-standard","has-post-thumbnail","hentry","category-estado-de-mexico","tag-acarreo","tag-claudia-sheinbaum-pardo"],"_links":{"self":[{"href":"https:\/\/www.diarioimagen.net\/index.php?rest_route=\/wp\/v2\/posts\/611727","targetHints":{"allow":["GET"]}}],"collection":[{"href":"https:\/\/www.diarioimagen.net\/index.php?rest_route=\/wp\/v2\/posts"}],"about":[{"href":"https:\/\/www.diarioimagen.net\/index.php?rest_route=\/wp\/v2\/types\/post"}],"author":[{"embeddable":true,"href":"https:\/\/www.diarioimagen.net\/index.php?rest_route=\/wp\/v2\/users\/3"}],"replies":[{"embeddable":true,"href":"https:\/\/www.diarioimagen.net\/index.php?rest_route=%2Fwp%2Fv2%2Fcomments&post=611727"}],"version-history":[{"count":0,"href":"https:\/\/www.diarioimagen.net\/index.php?rest_route=\/wp\/v2\/posts\/611727\/revisions"}],"wp:featuredmedia":[{"embeddable":true,"href":"https:\/\/www.diarioimagen.net\/index.php?rest_route=\/wp\/v2\/media\/611834"}],"wp:attachment":[{"href":"https:\/\/www.diarioimagen.net\/index.php?rest_route=%2Fwp%2Fv2%2Fmedia&parent=611727"}],"wp:term":[{"taxonomy":"category","embeddable":true,"href":"https:\/\/www.diarioimagen.net\/index.php?rest_route=%2Fwp%2Fv2%2Fcategories&post=611727"},{"taxonomy":"post_tag","embeddable":true,"href":"https:\/\/www.diarioimagen.net\/index.php?rest_route=%2Fwp%2Fv2%2Ftags&post=611727"}],"curies":[{"name":"wp","href":"https:\/\/api.w.org\/{rel}","templated":true}]}}