{"id":611750,"date":"2024-03-04T00:01:41","date_gmt":"2024-03-04T06:01:41","guid":{"rendered":"https:\/\/www.diarioimagen.net\/?p=611750"},"modified":"2024-03-06T01:17:05","modified_gmt":"2024-03-06T07:17:05","slug":"el-1-de-julio-aeromexico-inicia-un-vuelo-diario-ciudad-de-mexico-tampa-florida","status":"publish","type":"post","link":"https:\/\/www.diarioimagen.net\/?p=611750","title":{"rendered":"El 1 de julio Aerom\u00e9xico inicia un vuelo diario Ciudad de M\u00e9xico-Tampa, Florida"},"content":{"rendered":"<h2>De cinco estrellas<\/h2>\n<h5>Victoria Gonz\u00e1lez Prado<\/h5>\n<p>&nbsp;<\/p>\n<ul>\n<li><strong><em>\u201cEncuentra tu <\/em>Belicidad<em>\u201d destaca sensaciones, posibilidades, riqueza natural y cultural<\/em><\/strong><\/li>\n<li><strong><em>Es importante impulsar pr\u00e1cticas que contribuyan a la conservaci\u00f3n de destinos naturales<\/em><\/strong><\/li>\n<\/ul>\n<p>&nbsp;<\/p>\n<div id=\"attachment_611831\" style=\"width: 470px\" class=\"wp-caption aligncenter\"><a href=\"https:\/\/www.diarioimagen.net\/?attachment_id=611831\" rel=\"attachment wp-att-611831\"><img loading=\"lazy\" decoding=\"async\" aria-describedby=\"caption-attachment-611831\" class=\"size-full wp-image-611831\" src=\"https:\/\/www.diarioimagen.net\/wp-content\/uploads\/2024\/03\/turismo-estrellas-1.jpg\" alt=\"\" width=\"460\" height=\"270\" \/><\/a><p id=\"caption-attachment-611831\" class=\"wp-caption-text\">De la Ciudad de M\u00e9xico a Tampa, Florida.<\/p><\/div>\n<p>&nbsp;<\/p>\n<p>A partir del 1 de julio Aerom\u00e9xico inicia un vuelo diario, sin escalas entre la Ciudad de M\u00e9xico y Tampa, Florida en aviones <em>Embraer 190<\/em> con 99 asientos, incluyendo 11 en Clase Premier. As\u00ed, los viajeros podr\u00e1n conectar con la extensa red nacional de la compa\u00f1\u00eda v\u00eda la Ciudad de M\u00e9xico. Tampa se convertir\u00e1 en la ciudad n\u00famero 23 con servicio de la compa\u00f1\u00eda a\u00e9rea en Estados Unidos junto con Atlanta, Boston, McAllen, Raleigh\/Durham y Washington y la tercera de Florida, ciudades estadounidenses a las que tambi\u00e9n operar\u00e1 a lo largo de 2024 como parte de una importante expansi\u00f3n en el mercado a\u00e9reo m\u00e1s grande de M\u00e9xico.<\/p>\n<p>De esta forma, Tampa, Miami y Orlando son los tres aeropuertos de Florida, donde la aerol\u00ednea ofrecer\u00e1 m\u00e1s de 400 llegadas y salidas mensuales, con capacidad de 75 mil asientos mensuales.<\/p>\n<p>Esta nueva ruta es posible gracias a la alianza Aerom\u00e9xico-Delta, que ofrece m\u00e1s y mejores opciones a los pasajeros tanto en M\u00e9xico como en Estados Unidos. Los boletos ya est\u00e1n disponibles a trav\u00e9s de los canales digitales de ambas aerol\u00edneas.<\/p>\n<p><strong>Jos\u00e9 Zapata<\/strong>, vicepresidente de Ventas para Estados Unidos, Canad\u00e1 y Am\u00e9rica Latina de Aerom\u00e9xico, destac\u00f3: \u201cdemostramos as\u00ed el compromiso que tenemos por ofrecer la mejor red de conectividad entre M\u00e9xico-Estados Unidos y de la mano de nuestro socio <em>Delta Air Lines<\/em> tendremos m\u00e1s opciones para viajes de placer o negocio y Tampa Bay tiene mucho que ofrecer\u201d.<\/p>\n<p>Por su parte, <strong>Joe Lopano<\/strong>, director general del Aeropuerto Internacional de Tampa, coment\u00f3: \u201cestamos orgullosos de dar la bienvenida a Aerom\u00e9xico al Aeropuerto Internacional de Tampa con este servicio a la Ciudad de M\u00e9xico y esperamos contribuir a que los fuertes lazos culturales y de negocios entre nuestras dos regiones sigan creciendo\u201d.<\/p>\n<p>Tampa forma parte de la segunda \u00e1rea metropolitana m\u00e1s grande de Florida. La regi\u00f3n de Tampa Bay es conocida por sus fascinantes vistas panor\u00e1micas que combinan urbanidad y naturaleza. Esta regi\u00f3n cuenta con una amplia variedad de atracciones, como <em>Busch Gardens, Florida Aquarium<\/em> y <em>ZooTampa<\/em> en <em>Lowry Park,<\/em> as\u00ed como las hermosas playas de St. Pete y <em>Clearwater <\/em>en la costa del Golfo.<\/p>\n<p>Desde 2017, la alianza Aerom\u00e9xico-Delta ha facilitado la conectividad de m\u00e1s de 45 millones de pasajeros entre M\u00e9xico y Estados Unidos, que fueron beneficiados con servicios como el <em>check-in<\/em> a trav\u00e9s de la tecnolog\u00eda <em>Digital Spine<\/em> de <em>SkyTeam,<\/em> mensajer\u00eda gratuita a bordo (en equipos seleccionados) y pol\u00edticas de equipaje estandarizadas, entre otros.<\/p>\n<p>\u2730\u2730\u2730\u2730\u2730 Representantes de Belice visitaron la Ciudad de M\u00e9xico para presentar la campa\u00f1a tur\u00edstica \u201cEncuentra tu <em>Belicidad<\/em>\u201d entre socios comerciales, agentes de viajes y prensa. Con la promoci\u00f3n \u2014en espa\u00f1ol y portugu\u00e9s\u2014 esperan atraer el inter\u00e9s de los viajeros destacando la singularidad del destino en Am\u00e9rica Central.<\/p>\n<p>\u201cEncuentra tu <em>Belicidad\u201d<\/em> destaca sensaciones, posibilidades, riqueza natural y cultural del destino, que es un verdadero tesoro por su variedad de paisajes, que van desde la segunda barrera de coral viva m\u00e1s grande del hemisferio norte hasta el sistema de cuevas m\u00e1s largo de Centroam\u00e9rica y los yacimientos arqueol\u00f3gicos mayas.<\/p>\n<p><strong>Y\u00f3sel V. Gomezortigoza<\/strong>, representante de la Oficina de Turismo de Belice, explic\u00f3 que este pa\u00eds \u201ces un tesoro natural y cultural esperando ser descubierto\u201d, pues ofrece una diversidad de actividades en el segmento de naturaleza y se refiri\u00f3 al <em>Great Blue Hole<\/em>, ubicado en el atol\u00f3n <em>Lighthouse Reef,<\/em> impresionante agujero azul, con aproximadamente 300 metros de di\u00e1metro y 120 metros de profundidad, es uno de los tesoros m\u00e1s deslumbrantes de Belice, una verdadera maravilla de la naturaleza, dijo.<\/p>\n<p>Y, adem\u00e1s, se destaca por su fascinante mezcla de culturas (maya, gar\u00edfuna, creole y otras). La diversidad se refleja en las tradiciones, la m\u00fasica, la danza, los festivales y la gastronom\u00eda t\u00edpica que sorprende y difiere de una regi\u00f3n a otra.<\/p>\n<p>La influencia cultural se manifiesta en la variedad de platllos. Por su situaci\u00f3n costera, el marisco fresco es especialidad y en el calendario de eventos de Belice destacan festivales gastron\u00f3micos, como las fiestas de la temporada de la langosta. Mientras que, culturalmente, entre las celebraciones se destaca el animado y colorido Carnaval de Belice. <strong>Gomezortigoza<\/strong> expuso que con poblaci\u00f3n de aproximadamente 400 mil habitantes y una extensi\u00f3n territorial de solo 22 mil 790 kil\u00f3metros cuadrados, Belice destaca por su impresionante belleza natural. La costa belice\u00f1a alberga un ecosistema \u00fanico, que incluye el mayor arrecife de barrera de coral del hemisferio norte, para\u00edso para los amantes del buceo y el <em>snorkel.<\/em><\/p>\n<p>Tambi\u00e9n, sus sitios arqueol\u00f3gicos que cautivan a sus visitantes al quedar fascinados con la historia y sus paisajes. Comparti\u00f3 su pasi\u00f3n por este asombroso destino, destacando la hospitalidad de su gente, la diversidad de actividades que ofrece, la diversidad de hoteles para todos los gustos y la deliciosa gastronom\u00eda.<\/p>\n<p><strong>Y\u00f3sel<\/strong>, estuvo acompa\u00f1ado de <strong>V\u00edctor Manjarrez<\/strong>, director de Cuenta para Am\u00e9rica Latina y <strong>Alejandro Buitrago<\/strong>, l\u00edder de cuenta para Latinoam\u00e9rica.<\/p>\n<p><strong>Manjarrez<\/strong>, al hacer uso de la palabra detall\u00f3, \u201cla diversidad \u00e9tnica de Belice se refleja en las tradiciones culturales \u00fanicas de cada regi\u00f3n del pa\u00eds, brindando a los visitantes una experiencia enriquecedora y aut\u00e9ntica. Belice espera dar la bienvenida a los viajeros mexicanos que buscan descubrir un lugar donde la naturaleza y la cultura se entrelazan para crear experiencias\u201d.<\/p>\n<p>Para finalizar, <strong>Alejandro Buitrago<\/strong>, l\u00edder de cuenta para Latinoam\u00e9rica, rif\u00f3 entre los asistentes un viaje para dos personas, enfatizando la oportunidad de vivir experiencia \u00fanica de mar y tierra en este para\u00edso tropical.<\/p>\n<p>Sin duda, son muchos los atributos y encantos que hacen que cada uno de los visitantes encuentre en Belice su \u201c<em>Belicidad\u201d.<\/em> M\u00e1s informaci\u00f3n: <em>belize.com<\/em><\/p>\n<p>\u2730\u2730\u2730\u2730\u2730 Las emisiones de CO<sub>2<\/sub> relacionadas con el transporte del sector tur\u00edstico representan un 22 por ciento de todas las emisiones de transporte, seg\u00fan la ONU Turismo.<\/p>\n<p>Buena reflexi\u00f3n nos dio Iniciativa Clim\u00e1tica de M\u00e9xico (ICM), organizaci\u00f3n sin fines de lucro dedicada al desarrollo de estudios y an\u00e1lisis de pol\u00edticas p\u00fablicas para contrarrestar los efectos del cambio clim\u00e1tico en M\u00e9xico, sobre la relaci\u00f3n entre el turismo y la sostenibilidad, destacando la corresponsabilidad que tienen los viajeros en la preservaci\u00f3n del planeta.<\/p>\n<p>El conversatorio virtual \u201cEl cambio clim\u00e1tico tambi\u00e9n va en las maletas\u201d, organizado por ICM hizo hincapi\u00e9 en la necesidad de impulsar pr\u00e1cticas que contribuyan con la conservaci\u00f3n de los destinos naturales como mares, oc\u00e9anos, bosques y m\u00e1s.<\/p>\n<p>Le cuento que durante la conversaci\u00f3n, se destac\u00f3 que 90 por ciento de la actividad tur\u00edstica en M\u00e9xico se concentra en 10 destinos, dejando m\u00e1s de 250 destinos en segundo plano, sin aprovechar su potencial.<\/p>\n<p>Por ello, cobra importancia el turismo regenerativo con el objetivo de identificar el potencial tur\u00edstico de las comunidades, considerando de manera sensible la temporalidad, la capacidad de carga y la participaci\u00f3n local para crear productos m\u00e1s competitivos y sostenibles.<\/p>\n<p>Ejemplos en el pa\u00eds como el Museo del Desierto en Saltillo, Coahuila, y el Parque Ecotur\u00edstico <em>Maatawi<\/em> en San Francisco Oxtotilpan, Estado de M\u00e9xico, son sitios que incorporan iniciativas, que no solo ofrecen experiencias, sino que tambi\u00e9n contribuyen con educaci\u00f3n ambiental, transmisi\u00f3n de conocimientos, generaci\u00f3n de conciencia y al desarrollo sostenible. Veamos c\u00f3mo los destinos en M\u00e9xico van incorporando estas pr\u00e1cticas.<\/p>\n<p>&nbsp;<\/p>\n<blockquote>\n<p style=\"text-align: right;\">\u201c<strong>El<\/strong> <strong>\u00e1ngel de la fama tiene sus alas hechas de papel&#8230; peri\u00f3dico\u201d.<br \/>\n<\/strong><\/p>\n<\/blockquote>\n<p>&nbsp;<\/p>\n<p><em><span class=\"Apple-converted-space\"><a href=\"mailto:victoriagprado@gmail.com\" target=\"_blank\" rel=\"noopener noreferrer\">victoriagprado@gmail.com<\/a><br \/>\nX: <a href=\"https:\/\/twitter.com\/victoriagprado\" target=\"_blank\" rel=\"noopener noreferrer\">@victoriagprado<\/a><\/span><\/em><\/p>\n","protected":false},"excerpt":{"rendered":"<p>A partir del 1 de julio Aerom\u00e9xico inicia un vuelo diario, sin escalas entre la Ciudad de M\u00e9xico y Tampa, Florida en aviones <em>Embraer 190<\/em> con 99 asientos, incluyendo 11 en Clase Premier. As\u00ed, los viajeros podr\u00e1n conectar con la extensa red nacional de la compa\u00f1\u00eda v\u00eda la Ciudad de M\u00e9xico.<\/p>\n","protected":false},"author":3,"featured_media":611831,"comment_status":"open","ping_status":"open","sticky":false,"template":"","format":"standard","meta":{"_monsterinsights_skip_tracking":false,"_monsterinsights_sitenote_active":false,"_monsterinsights_sitenote_note":"","_monsterinsights_sitenote_category":0,"footnotes":""},"categories":[11],"tags":[107,43674,106],"class_list":["post-611750","post","type-post","status-publish","format-standard","has-post-thumbnail","hentry","category-turismo","tag-de-cinco-estrellas","tag-opinion","tag-victoria-gonzalez-prado"],"_links":{"self":[{"href":"https:\/\/www.diarioimagen.net\/index.php?rest_route=\/wp\/v2\/posts\/611750","targetHints":{"allow":["GET"]}}],"collection":[{"href":"https:\/\/www.diarioimagen.net\/index.php?rest_route=\/wp\/v2\/posts"}],"about":[{"href":"https:\/\/www.diarioimagen.net\/index.php?rest_route=\/wp\/v2\/types\/post"}],"author":[{"embeddable":true,"href":"https:\/\/www.diarioimagen.net\/index.php?rest_route=\/wp\/v2\/users\/3"}],"replies":[{"embeddable":true,"href":"https:\/\/www.diarioimagen.net\/index.php?rest_route=%2Fwp%2Fv2%2Fcomments&post=611750"}],"version-history":[{"count":0,"href":"https:\/\/www.diarioimagen.net\/index.php?rest_route=\/wp\/v2\/posts\/611750\/revisions"}],"wp:featuredmedia":[{"embeddable":true,"href":"https:\/\/www.diarioimagen.net\/index.php?rest_route=\/wp\/v2\/media\/611831"}],"wp:attachment":[{"href":"https:\/\/www.diarioimagen.net\/index.php?rest_route=%2Fwp%2Fv2%2Fmedia&parent=611750"}],"wp:term":[{"taxonomy":"category","embeddable":true,"href":"https:\/\/www.diarioimagen.net\/index.php?rest_route=%2Fwp%2Fv2%2Fcategories&post=611750"},{"taxonomy":"post_tag","embeddable":true,"href":"https:\/\/www.diarioimagen.net\/index.php?rest_route=%2Fwp%2Fv2%2Ftags&post=611750"}],"curies":[{"name":"wp","href":"https:\/\/api.w.org\/{rel}","templated":true}]}}