{"id":611873,"date":"2024-03-05T00:01:02","date_gmt":"2024-03-05T06:01:02","guid":{"rendered":"https:\/\/www.diarioimagen.net\/?p=611873"},"modified":"2024-03-05T02:10:52","modified_gmt":"2024-03-05T08:10:52","slug":"con-karla-fiesco-garcia-si-hay-garantia-y-eficacia-en-cuautitlan-izcalli-diputados-ip-y-sociedad-civil","status":"publish","type":"post","link":"https:\/\/www.diarioimagen.net\/?p=611873","title":{"rendered":"Con Karla Fiesco Garc\u00eda s\u00ed hay garant\u00eda y eficacia en Cuautitl\u00e1n Izcalli: diputados, IP y sociedad civil"},"content":{"rendered":"<p>&nbsp;<\/p>\n<ul>\n<li><em><strong>Apoyo a su reelecci\u00f3n como alcaldesa<\/strong><\/em><\/li>\n<\/ul>\n<p><strong>\u00a0<\/strong><\/p>\n<h6>Arturo Baena<\/h6>\n<p>&nbsp;<\/p>\n<div id=\"attachment_611976\" style=\"width: 470px\" class=\"wp-caption aligncenter\"><a href=\"https:\/\/www.diarioimagen.net\/?attachment_id=611976\" rel=\"attachment wp-att-611976\"><img loading=\"lazy\" decoding=\"async\" aria-describedby=\"caption-attachment-611976\" class=\"size-full wp-image-611976\" src=\"https:\/\/www.diarioimagen.net\/wp-content\/uploads\/2024\/03\/karla-fiesco.jpg\" alt=\"\" width=\"460\" height=\"270\" \/><\/a><p id=\"caption-attachment-611976\" class=\"wp-caption-text\">Diversos sectores izcallenses avalan la continuidad de la gesti\u00f3n de la alcaldesa Karla Fiesco, qui\u00e9n, efectivamente, cuenta con todo respaldo ciudadano.<\/p><\/div>\n<p>&nbsp;<\/p>\n<p><strong>Cuautitl\u00e1n Izcalli, Estado de M\u00e9xico.\u2014<\/strong> L\u00edderes sociales, empresariales, representantes populares, y sociedad civil, apoyan la reelecci\u00f3n de Karla Fiesco Garc\u00eda, al frente del gobierno en esta localidad, toda vez que ha dado soluci\u00f3n a las demandas ciudadanas en temas de seguridad, servicios, salud y educaci\u00f3n, entre otros, que la ubican como una de las alcaldesas mejor calificadas en la entidad mexiquense<\/p>\n<p>A unos d\u00edas de darse a conocer las definiciones de la alianza Fuerza y Coraz\u00f3n por M\u00e9xico, para los procesos electorales de este 2024, representantes populares y l\u00edderes sociales, insistieron que, \u201ca Cuautitl\u00e1n Izcalli, le conviene la reelecci\u00f3n de Karla Fiesco, quien ha demostrado capacidad para enfrentar los retos en nuestro municipio al cual, ha sacado adelante con finanzas sanas y transparentes\u201d.<\/p>\n<p>Sobre el particular, los legisladores, tanto federales como locales, consideraron que se est\u00e1 haciendo un buen trabajo en Cuautitl\u00e1n Izcalli, hay un buen trabajo de campo, de infraestructura, hay trabajo que no se hab\u00eda visto en los \u00faltimos a\u00f1os, no se hab\u00edan visto resultados como estos, al contar un buen equipo de colaboradores.<\/p>\n<p>En ese sentido, propios y extra\u00f1os reconocieron la efectiva operatividad de las diferentes \u00e1reas del gobierno municipal, cuya estrategia general, comandada por Rodrigo Pichardo Garc\u00eda, es catalogada como fundamental para el buen desarrollo de la administraci\u00f3n de Karla Fiesco en Cuautitl\u00e1n Izcalli.<\/p>\n<p>Por otra parte, se reconoci\u00f3 que tres a\u00f1os no son suficientes para solucionar las demandas ciudadanas, es por ello, que los izcallenses avalan la continuidad de la gesti\u00f3n de la alcaldesa, Karla Fiesco, qui\u00e9n, efectivamente, cuenta con todo respaldo ciudadano.<\/p>\n<p>Finalmente, los delegados, Consejos de Participaci\u00f3n Ciudadana, (Copacis), empresarios, dirigentes sindicales, del magisterio y de sociedad en general, afirmaron, en voz de la luchadora social, Miriam Garc\u00eda Guzm\u00e1n, que \u201cCon Karla Fiesco, hay garant\u00eda de triunfo en Cuautitl\u00e1n Izcalli, vamos todos de la mano en una sola l\u00ednea y en unidad\u201d.<\/p>\n","protected":false},"excerpt":{"rendered":"<p>L\u00edderes sociales, empresariales, representantes populares, y sociedad civil, apoyan la reelecci\u00f3n de Karla Fiesco Garc\u00eda, al frente del gobierno en esta localidad, toda vez que ha dado soluci\u00f3n a las demandas ciudadanas en temas de seguridad, servicios, salud y educaci\u00f3n, entre otros, que la ubican como una de las alcaldesas mejor calificadas en la entidad mexiquense<\/p>\n","protected":false},"author":3,"featured_media":611976,"comment_status":"open","ping_status":"open","sticky":false,"template":"","format":"standard","meta":{"_monsterinsights_skip_tracking":false,"_monsterinsights_sitenote_active":false,"_monsterinsights_sitenote_note":"","_monsterinsights_sitenote_category":0,"footnotes":""},"categories":[5],"tags":[971,43675,93011],"class_list":["post-611873","post","type-post","status-publish","format-standard","has-post-thumbnail","hentry","category-estado-de-mexico","tag-cuautitlan-izcalli","tag-estado-de-mexico","tag-karla-fiesco-garcia"],"_links":{"self":[{"href":"https:\/\/www.diarioimagen.net\/index.php?rest_route=\/wp\/v2\/posts\/611873","targetHints":{"allow":["GET"]}}],"collection":[{"href":"https:\/\/www.diarioimagen.net\/index.php?rest_route=\/wp\/v2\/posts"}],"about":[{"href":"https:\/\/www.diarioimagen.net\/index.php?rest_route=\/wp\/v2\/types\/post"}],"author":[{"embeddable":true,"href":"https:\/\/www.diarioimagen.net\/index.php?rest_route=\/wp\/v2\/users\/3"}],"replies":[{"embeddable":true,"href":"https:\/\/www.diarioimagen.net\/index.php?rest_route=%2Fwp%2Fv2%2Fcomments&post=611873"}],"version-history":[{"count":0,"href":"https:\/\/www.diarioimagen.net\/index.php?rest_route=\/wp\/v2\/posts\/611873\/revisions"}],"wp:featuredmedia":[{"embeddable":true,"href":"https:\/\/www.diarioimagen.net\/index.php?rest_route=\/wp\/v2\/media\/611976"}],"wp:attachment":[{"href":"https:\/\/www.diarioimagen.net\/index.php?rest_route=%2Fwp%2Fv2%2Fmedia&parent=611873"}],"wp:term":[{"taxonomy":"category","embeddable":true,"href":"https:\/\/www.diarioimagen.net\/index.php?rest_route=%2Fwp%2Fv2%2Fcategories&post=611873"},{"taxonomy":"post_tag","embeddable":true,"href":"https:\/\/www.diarioimagen.net\/index.php?rest_route=%2Fwp%2Fv2%2Ftags&post=611873"}],"curies":[{"name":"wp","href":"https:\/\/api.w.org\/{rel}","templated":true}]}}