{"id":611876,"date":"2024-03-05T00:03:46","date_gmt":"2024-03-05T06:03:46","guid":{"rendered":"https:\/\/www.diarioimagen.net\/?p=611876"},"modified":"2024-03-05T02:06:44","modified_gmt":"2024-03-05T08:06:44","slug":"hay-que-fortalecer-a-los-gobiernos-municipales-dice-mariela-gutierrez","status":"publish","type":"post","link":"https:\/\/www.diarioimagen.net\/?p=611876","title":{"rendered":"Hay que fortalecer a los gobiernos municipales, dice Mariela Guti\u00e9rrez"},"content":{"rendered":"<p>&nbsp;<\/p>\n<ul>\n<li><em><strong>Recorrido por Edomex de la aspirante a senadora<\/strong><\/em><\/li>\n<\/ul>\n<p><strong>\u00a0<\/strong><\/p>\n<h6>Arturo Baena<\/h6>\n<p>&nbsp;<\/p>\n<div id=\"attachment_611970\" style=\"width: 470px\" class=\"wp-caption aligncenter\"><a href=\"https:\/\/www.diarioimagen.net\/?attachment_id=611970\" rel=\"attachment wp-att-611970\"><img loading=\"lazy\" decoding=\"async\" aria-describedby=\"caption-attachment-611970\" class=\"size-full wp-image-611970\" src=\"https:\/\/www.diarioimagen.net\/wp-content\/uploads\/2024\/03\/hay-que-fortalecer.jpg\" alt=\"\" width=\"460\" height=\"270\" \/><\/a><p id=\"caption-attachment-611970\" class=\"wp-caption-text\">Mariela Guti\u00e9rrez, durante su recorridopor el Edomex, reafirm\u00f3 su compromiso de legislar con una perspectiva de transformaci\u00f3n y de humanismo mexicano, siempre privilegiando los intereses del pueblo.<\/p><\/div>\n<p>&nbsp;<\/p>\n<p><strong>Valle de M\u00e9xico.\u2014<\/strong> La candidata a senadora de la Rep\u00fablica por la coalici\u00f3n Sigamos Haciendo Historia, Mariela Guti\u00e9rrez Escalante, durante su recorrido por municipios mexiquenses, reafirm\u00f3 su compromiso de legislar con una perspectiva de transformaci\u00f3n y de humanismo mexicano, siempre privilegiando los intereses del pueblo.<\/p>\n<p>De visita en Tlalnepantla, Ocoyoacac y Zumpango, Guti\u00e9rrez Escalante asegur\u00f3 que impulsar\u00e1 las propuestas de reformas de la candidata presidencial Claudia Sheinbaum para que la igualdad sustantiva tenga rango constitucional y se termine la brecha salarial, como lo propuso la candidata presidencial, Claudia Sheinbaum.<\/p>\n<p>Ante militantes y simpatizantes del Distrito 23 federal, que abarca los municipios de Lerma, Almoloya del R\u00edo, Atizap\u00e1n, Capulhuac, Xalatlaco, Ocoyoacac, Ocuilan, Texcalyacac y Tianguistenco, la candidata tambi\u00e9n se comprometi\u00f3 a regresarle a la Constituci\u00f3n nacional su doctrina popular y acabar con la herencia nefasta e infame del neoliberalismo para que haya bienestar y prosperidad con justicia social.<\/p>\n<p>\u201cLlevemos este mensaje de fe y esperanza de que juntos sigamos haciendo historia, y la historia que estamos haciendo es de bienestar y prosperidad para todos.<\/p>\n<p>Hoy, como nunca, bajo el principio de por el bien de todos, primero los pobres, M\u00e9xico se est\u00e1 transformando como debe ser: de abajo hacia arriba, porque es el pueblo el que manda\u201d, subray\u00f3.<\/p>\n<p>Adem\u00e1s de la agenda legislativa en materia de g\u00e9nero, mencion\u00f3 como pilares de su campa\u00f1a el apoyo al paquete de reformas del presidente Andr\u00e9s Manuel L\u00f3pez Obrador; fortalecer a los gobiernos municipales para que puedan tener mayores atribuciones y legislar en materia de agua para garantizar su acceso.<\/p>\n","protected":false},"excerpt":{"rendered":"<p>a candidata a senadora de la Rep\u00fablica por la coalici\u00f3n Sigamos Haciendo Historia, Mariela Guti\u00e9rrez Escalante, durante su recorrido por municipios mexiquenses, reafirm\u00f3 su compromiso de legislar con una perspectiva de transformaci\u00f3n y de humanismo mexicano, siempre privilegiando los intereses del pueblo.<\/p>\n","protected":false},"author":3,"featured_media":611970,"comment_status":"open","ping_status":"open","sticky":false,"template":"","format":"standard","meta":{"_monsterinsights_skip_tracking":false,"_monsterinsights_sitenote_active":false,"_monsterinsights_sitenote_note":"","_monsterinsights_sitenote_category":0,"footnotes":""},"categories":[5],"tags":[95976,34],"class_list":["post-611876","post","type-post","status-publish","format-standard","has-post-thumbnail","hentry","category-estado-de-mexico","tag-mariela-gutierrez-escalante","tag-valle-de-mexico"],"_links":{"self":[{"href":"https:\/\/www.diarioimagen.net\/index.php?rest_route=\/wp\/v2\/posts\/611876","targetHints":{"allow":["GET"]}}],"collection":[{"href":"https:\/\/www.diarioimagen.net\/index.php?rest_route=\/wp\/v2\/posts"}],"about":[{"href":"https:\/\/www.diarioimagen.net\/index.php?rest_route=\/wp\/v2\/types\/post"}],"author":[{"embeddable":true,"href":"https:\/\/www.diarioimagen.net\/index.php?rest_route=\/wp\/v2\/users\/3"}],"replies":[{"embeddable":true,"href":"https:\/\/www.diarioimagen.net\/index.php?rest_route=%2Fwp%2Fv2%2Fcomments&post=611876"}],"version-history":[{"count":0,"href":"https:\/\/www.diarioimagen.net\/index.php?rest_route=\/wp\/v2\/posts\/611876\/revisions"}],"wp:featuredmedia":[{"embeddable":true,"href":"https:\/\/www.diarioimagen.net\/index.php?rest_route=\/wp\/v2\/media\/611970"}],"wp:attachment":[{"href":"https:\/\/www.diarioimagen.net\/index.php?rest_route=%2Fwp%2Fv2%2Fmedia&parent=611876"}],"wp:term":[{"taxonomy":"category","embeddable":true,"href":"https:\/\/www.diarioimagen.net\/index.php?rest_route=%2Fwp%2Fv2%2Fcategories&post=611876"},{"taxonomy":"post_tag","embeddable":true,"href":"https:\/\/www.diarioimagen.net\/index.php?rest_route=%2Fwp%2Fv2%2Ftags&post=611876"}],"curies":[{"name":"wp","href":"https:\/\/api.w.org\/{rel}","templated":true}]}}