{"id":611878,"date":"2024-03-05T00:02:07","date_gmt":"2024-03-05T06:02:07","guid":{"rendered":"https:\/\/www.diarioimagen.net\/?p=611878"},"modified":"2024-03-05T02:09:22","modified_gmt":"2024-03-05T08:09:22","slug":"abre-la-union-de-lucha-zapatista-casa-de-enlace-de-sheinbaum-en-naucalpan","status":"publish","type":"post","link":"https:\/\/www.diarioimagen.net\/?p=611878","title":{"rendered":"Abre la Uni\u00f3n de Lucha Zapatista casa de enlace de Sheinbaum en Naucalpan"},"content":{"rendered":"<p>&nbsp;<\/p>\n<ul>\n<li><em><strong>Apoyo a su proyecto de Naci\u00f3n<\/strong><\/em><\/li>\n<\/ul>\n<p>&nbsp;<\/p>\n<div id=\"attachment_611974\" style=\"width: 470px\" class=\"wp-caption aligncenter\"><a href=\"https:\/\/www.diarioimagen.net\/?attachment_id=611974\" rel=\"attachment wp-att-611974\"><img loading=\"lazy\" decoding=\"async\" aria-describedby=\"caption-attachment-611974\" class=\"size-full wp-image-611974\" src=\"https:\/\/www.diarioimagen.net\/wp-content\/uploads\/2024\/03\/abre-la-union.jpg\" alt=\"\" width=\"460\" height=\"270\" \/><\/a><p id=\"caption-attachment-611974\" class=\"wp-caption-text\">Carmen Olmedo Luna, presidenta de la ULZ, cort\u00f3 el list\u00f3n inaugural de la casa de enlace de Claudia Sheinbaum en Naucalpan.<\/p><\/div>\n<p>&nbsp;<\/p>\n<p><strong>Naucalpan, Estado de M\u00e9xico.\u2014<\/strong> Claudia Sheinbaum, sin lugar a dudas, dar\u00e1 continuaci\u00f3n a la 4T y al fortalecimiento de nuestro pa\u00eds, Claudia, es la mujer que necesita M\u00e9xico, pues cuenta con la trayectoria y experiencia pol\u00edtica para sustituir en la Presidencia a Andr\u00e9s Manuel L\u00f3pez Obrador y desde aqu\u00ed impulsaremos su proyecto de naci\u00f3n.<\/p>\n<p>As\u00ed lo expres\u00f3, la l\u00edder social y presidenta de la Uni\u00f3n de Lucha Zapatista (ULZ) Carmen Olmedo Luna, quien, acompa\u00f1ada de Ren\u00e9 Salas; de Rufino Ram\u00edrez, del Comit\u00e9 Directivo Estatal, y de Alan Miguel Pe\u00f1a, como invitado especial, cortaron el list\u00f3n inaugural de la \u201cCasa de Enlace #Es Claudia\u201d en esta localidad, que ser\u00e1 un enlace directo con los municipios de Tlalnepantla, Atizap\u00e1n de Zaragoza y la Ciudad de M\u00e9xico.<\/p>\n<p>A las nuevas oficinas de la casa de enlace, se dieron cita diversos sectores de la sociedad, quienes se comprometieron ante los dirigentes morenistas mexiquenses a trabajar 24-7 en favor de Claudia Sheinbaum, y los aspirantes a alcald\u00edas, diputaciones y el Senado de la Rep\u00fablica.<\/p>\n<p>Ah\u00ed, en Naucalpan, los dirigentes de Morena, Ren\u00e9 Salas, Alan Miguel Pe\u00f1a y Rufino Ram\u00edrez, destacaron que ya se trabaja para lograr 5 millones de votos a favor de Sheinbaum Pardo en todo el territorio de la entidad del Estado de M\u00e9xico.<\/p>\n<p>Finalmente, Carmen Olmedo asegur\u00f3 que \u201clas puertas de la casa de enlace #Es Claudia, \u201csiempre estar\u00e1 con la puerta abierta, para encontrar coincidencias en favor de la 4T, Morena y, desde luego con la que ser\u00e1 la primera mujer en gobernar M\u00e9xico, es decir, Claudia Sheinbaum \u201c.<\/p>\n","protected":false},"excerpt":{"rendered":"<p>Claudia Sheinbaum, sin lugar a dudas, dar\u00e1 continuaci\u00f3n a la 4T y al fortalecimiento de nuestro pa\u00eds, Claudia, es la mujer que necesita M\u00e9xico, pues cuenta con la trayectoria y experiencia pol\u00edtica para sustituir en la Presidencia a Andr\u00e9s Manuel L\u00f3pez Obrador y desde aqu\u00ed impulsaremos su proyecto de naci\u00f3n.<\/p>\n","protected":false},"author":3,"featured_media":611974,"comment_status":"open","ping_status":"open","sticky":false,"template":"","format":"standard","meta":{"_monsterinsights_skip_tracking":false,"_monsterinsights_sitenote_active":false,"_monsterinsights_sitenote_note":"","_monsterinsights_sitenote_category":0,"footnotes":""},"categories":[5],"tags":[43675,970,96386],"class_list":["post-611878","post","type-post","status-publish","format-standard","has-post-thumbnail","hentry","category-estado-de-mexico","tag-estado-de-mexico","tag-naucalpan","tag-union-de-lucha-zapatista"],"_links":{"self":[{"href":"https:\/\/www.diarioimagen.net\/index.php?rest_route=\/wp\/v2\/posts\/611878","targetHints":{"allow":["GET"]}}],"collection":[{"href":"https:\/\/www.diarioimagen.net\/index.php?rest_route=\/wp\/v2\/posts"}],"about":[{"href":"https:\/\/www.diarioimagen.net\/index.php?rest_route=\/wp\/v2\/types\/post"}],"author":[{"embeddable":true,"href":"https:\/\/www.diarioimagen.net\/index.php?rest_route=\/wp\/v2\/users\/3"}],"replies":[{"embeddable":true,"href":"https:\/\/www.diarioimagen.net\/index.php?rest_route=%2Fwp%2Fv2%2Fcomments&post=611878"}],"version-history":[{"count":0,"href":"https:\/\/www.diarioimagen.net\/index.php?rest_route=\/wp\/v2\/posts\/611878\/revisions"}],"wp:featuredmedia":[{"embeddable":true,"href":"https:\/\/www.diarioimagen.net\/index.php?rest_route=\/wp\/v2\/media\/611974"}],"wp:attachment":[{"href":"https:\/\/www.diarioimagen.net\/index.php?rest_route=%2Fwp%2Fv2%2Fmedia&parent=611878"}],"wp:term":[{"taxonomy":"category","embeddable":true,"href":"https:\/\/www.diarioimagen.net\/index.php?rest_route=%2Fwp%2Fv2%2Fcategories&post=611878"},{"taxonomy":"post_tag","embeddable":true,"href":"https:\/\/www.diarioimagen.net\/index.php?rest_route=%2Fwp%2Fv2%2Ftags&post=611878"}],"curies":[{"name":"wp","href":"https:\/\/api.w.org\/{rel}","templated":true}]}}