{"id":611929,"date":"2024-03-05T00:06:06","date_gmt":"2024-03-05T06:06:06","guid":{"rendered":"https:\/\/www.diarioimagen.net\/?p=611929"},"modified":"2024-03-05T01:21:37","modified_gmt":"2024-03-05T07:21:37","slug":"tu-cristalazo-cardona","status":"publish","type":"post","link":"https:\/\/www.diarioimagen.net\/?p=611929","title":{"rendered":"Tu cristalazo, Cardona"},"content":{"rendered":"<h2>Los Pozos de Carlos Pozos<\/h2>\n<h5>Carlos Pozos<br \/>\n[ <em>Lord Mol\u00e9cula<\/em> ]<\/h5>\n<p>&nbsp;<\/p>\n<p>Mientras que el periodista, escritor, ensayista y poeta polaco <strong>Rysard Kapu\u015bci\u0144ski <\/strong>sostiene que \u201cpara ser buen periodista hay que ser buena persona\u201d, para una de las estrellas del anti-periodismo en M\u00e9xico, <strong>Rafael Cardona Sandoval<\/strong>, su frase y su gu\u00eda en la vida y en esta profesi\u00f3n del periodismo son: \u201cLos columnistas deber\u00edan tener c\u00f3digo de \u00e9tica\u2026 y los alacranes deber\u00edan tener alas y los pescados deber\u00edan tener patas\u201d; pero sobre todo destaca el que enarbola: \u201cUn periodista debe tener como cualidades: capacidad de provocaci\u00f3n y mala leche\u201d.<\/p>\n<p>Con esa \u201cmala leche\u201d, el pasado domingo 3 de marzo del a\u00f1o en curso, en el espacio que tiene en el diario <em>La Cr\u00f3nica de Hoy<\/em>, <strong>Rafael Cardona Sandoval<\/strong>, titul\u00f3 su columna \u201cEl Cristalazo\u201d \u201cPreg\u00fantenle a Don Mole si puedo\u201d. Y en el ejemplo de lo que no se debe de hacer en el periodismo, escribi\u00f3: \u201cAl dar comienzo formal el periodo electoral y las campa\u00f1as, el Presidente de la Rep\u00fablica se meti\u00f3 de lleno (una vez m\u00e1s) mediante el aparente recurso de confirmar su respeto a las leyes y la petici\u00f3n de ayuda a su parroquia ma\u00f1anera, para recibir de ellos advertencia y claridad cuando la conversaci\u00f3n se salga de los lineamientos establecidos por las normas electorales\u201d.<\/p>\n<p>A\u00f1ade <strong>Cardona<\/strong>: \u201cno insulta el Presidente de esa manera la inteligencia ajena, m\u00e1s bien insulta la propia, porque no es comprensible para un hombre de tales alcances pol\u00edticos, la necesidad de recibir de parte de Lord Mol\u00e9cula \u2014o cualquiera otro de sus paniaguados y paniaguadas matutinos\u2014, advertencias para comprender los vetos electorales\u201d.<\/p>\n<p>En su l\u00f3gica, expone que \u201cel asunto de las restricciones, como sabemos, no va con su temperamento, pues siempre ha vivido o en el filo o al margen del dicho en c\u00f3digos y reglamentos. Cumplir con la ley, como todos sabemos, no es una de sus actitudes favoritas. Un hombre, cuyo credo personal es la autoridad moral por encima del canon, dif\u00edcilmente puede \u2014unos cuantos d\u00edas despu\u00e9s\u2014 confirmarse como respetuoso de la norma\u201d.<\/p>\n<p><strong>Rafael Cardona<\/strong> \u2014quien de ahora en adelante, de cari\u00f1o, ser\u00e1 mi \u201cmolecul\u00f3n\u201d\u2014 desea lo siguiente, aunque reconoce que es quim\u00e9rico cuando dice: lo m\u00e1s sencillo ser\u00eda suprimir las conferencias durante el periodo electoral. No es tanto. Pero eso es imposible.<\/p>\n<p>Considera <strong>Cardona<\/strong> que \u201ca fin de cuentas, las ma\u00f1aneras no son \u2014ni han sido\u2014 reuniones informativas. Toda la vida han servido para apuntalar pol\u00edticas de gobierno, desviar la atenci\u00f3n, capturar el espacio de an\u00e1lisis p\u00fablico y \u2014en una palabra\u2014 gobernar a trav\u00e9s de la palabra. Nada m\u00e1s\u201d.<\/p>\n<p>Ya en la parte final de su columna \u201cEl Cristalazo\u201d dedicada a una mol\u00e9cula en el gran universo de estrellas del periodismo, en un comentario ir\u00f3nico y sarc\u00e1stico al personaje Lord Mol\u00e9cula, escupe:<\/p>\n<p>\u201c\u2014Oiga, Don Mole (ap\u00f3cope cari\u00f1osa de Mol\u00e9culo, si usamos el lenguaje inclusivo) \u00bfy si hablo de las bondades del Tren Maya y le pido a la candidata un viajecito por Motul y lo pongo en la pantalla \u00a1del di\u00e1logo circular ser\u00e1 violatorio de las leyes electorales[?].<\/p>\n<p>\u2014No en su caso, se\u00f1or Presidente, usted tiene fuerza moral; no fuerza de contagio violador.<\/p>\n<p>\u2014Gracias, Don Mole\u2026 ah\u00ed p\u00e1sese a ver a Chuchito para ver lo suyito\u2026\u201d.<\/p>\n<p>Recomienda a su fiel estilo \u201clo suyito\u201d. No pod\u00eda de ser de otra manera cuando en sus tiempos reinaba el \u201cchayote\u201d, cuando sale de <em>unom\u00e1suno<\/em> porque se pelea con <strong>Manuel Becerra Acosta<\/strong>. Y sucede el milagro: la Revoluci\u00f3n Mexicana se da cuenta que uno de sus hijos est\u00e1 desvalido y le da trabajo el Presidente de la Rep\u00fablica, <strong>Miguel de la Madrid<\/strong>, todo un sexenio. Luego, como ya le gust\u00f3 vivir de la ubre del dinero que paga el pueblo, se va un a\u00f1o y medio con <strong>Manuel Camacho<\/strong> al gobierno de la Ciudad de M\u00e9xico.<\/p>\n<p>A la calumnia y columna le dejo en claro en este espacio; pero adem\u00e1s le respond\u00ed antes, en las benditas redes sociales, en \u201cX\u201d (hace poco Twitter), y s\u00f3lo me limit\u00e9 a escribir lo siguiente: <strong>Rafael Cardona<\/strong>, vocero y cercano al presidente <strong>De la<\/strong> <strong>Madrid<\/strong>, \u00bfhay que recordarte que ya se te dio chayote? \u00a1Pero no en la en la 4T! \u00bfTe recuerdo los nombres de los \u201cperiodistas puros\u201d de los gobiernos que estaban formalmente adscritos a la n\u00f3mina de Los Pinos? Por ello les dec\u00edan \u201clos ardillos\u201d a ustedes, los mimados por el poder, pero que ahora extra\u00f1an a <strong>Carlos Denegri<\/strong>. Querido <em>@cardonarafael<\/em>, de cari\u00f1o mi \u201cmolecul\u00f3n\u201d.<\/p>\n<p>En un segundo mensaje le pregunt\u00e9: \u00bfCu\u00e1ndo me invitas a una de tus casas en Condado de Sayavedra? \u00bfO me vendes uno de tus terrenos en Morelos y Estado de M\u00e9xico? (\u00bf<em>ladronde<\/em>?) \u00a1Saludos, mi Rafa chayotero y molecul\u00f3n, con todo cari\u00f1o!<\/p>\n<p>Y para rematar le dije: \u00bfQu\u00e9 hac\u00edas ayer, s\u00e1bado 2 de marzo, en el vuelo a <strong>Ciudad<\/strong> <strong>Ju\u00e1rez<\/strong> en primera clase junto a <strong>Beatriz Paredes<\/strong>? \u00bfQui\u00e9n pomp\u00f3? Se acabaron los tiempos en que extorsionabas en la C\u00e1mara de Diputados, al amparo de <strong>\u00d3scar<\/strong> \u201cN\u201d y <strong>V\u00edctor<\/strong> \u201cN\u201d.<\/p>\n<p>Concluyo con lo escrito por <strong>don<\/strong> <strong>Julio Scherer Garc\u00eda<\/strong> en la p\u00e1gina 129 de su libro <em>La terca memoria<\/em>: \u201cUn siglo de periodismo. Un periodista <strong>Francisco Zarco<\/strong>, un reportero <strong>Carlos Denegri<\/strong>. Sin duda, el m\u00e1s grande, el m\u00e1s talentoso y polifac\u00e9tico reportero que ha parido en todas sus \u00e9pocas el periodismo nacional\u201d. Mismo que t\u00fa, \u201cmolecul\u00f3n\u201d, intentaste emular para ganar millones por publicar alabanzas y call\u00e1ndose lo que sab\u00eda de sus poderosos clientes. Pero en esta ocasi\u00f3n ser\u00e9 generoso al darte las gracias por dedicar la columna a Don Mole\u2026 Hasta aqu\u00ed con Los Pozos de Carlos Pozos. Y si desean que le haga su pregunta al Presidente de M\u00e9xico en la conferencia de prensa \u201cma\u00f1anera\u201d, por favor h\u00e1ganmela llegar al correo: <a href=\"mailto:lordmolecularedaccion@gmail.com\" target=\"_blank\" rel=\"noopener\"><em>lordmolecularedaccion@gmail.com<\/em><\/a>, v\u00eda X a: <a href=\"https:\/\/twitter.com\/lordmolecula?ref_src=twsrc%5Egoogle%7Ctwcamp%5Eserp%7Ctwgr%5Eauthor\" target=\"_blank\" rel=\"noopener\"><em>@lordmoleculaoficial<\/em><\/a>, o bien, visiten nuestro portal <em><a href=\"https:\/\/www.lordmoleculaoficial.com\/\" target=\"_blank\" rel=\"noopener\">https:\/\/www.lordmoleculaoficial.com<\/a><\/em>, as\u00ed como tambi\u00e9n pueden ver mi Canal <a href=\"https:\/\/www.youtube.com\/channel\/UC0WxwnD6D67eYwmmRWQnOEg\" target=\"_blank\" rel=\"noopener\"><em>Lord Mol\u00e9cula Oficial<\/em><\/a>.<\/p>\n","protected":false},"excerpt":{"rendered":"<p><span style=\"color: #005497;\"><strong>Carlos Pozos<\/strong><\/span><\/p>\n","protected":false},"author":3,"featured_media":0,"comment_status":"open","ping_status":"open","sticky":false,"template":"","format":"standard","meta":{"_monsterinsights_skip_tracking":false,"_monsterinsights_sitenote_active":false,"_monsterinsights_sitenote_note":"","_monsterinsights_sitenote_category":0,"footnotes":""},"categories":[97814],"tags":[97816,97815,43674],"class_list":["post-611929","post","type-post","status-publish","format-standard","hentry","category-carlos-pozos","tag-carlos-pozos","tag-los-pozos-de-carlos-pozos","tag-opinion"],"_links":{"self":[{"href":"https:\/\/www.diarioimagen.net\/index.php?rest_route=\/wp\/v2\/posts\/611929","targetHints":{"allow":["GET"]}}],"collection":[{"href":"https:\/\/www.diarioimagen.net\/index.php?rest_route=\/wp\/v2\/posts"}],"about":[{"href":"https:\/\/www.diarioimagen.net\/index.php?rest_route=\/wp\/v2\/types\/post"}],"author":[{"embeddable":true,"href":"https:\/\/www.diarioimagen.net\/index.php?rest_route=\/wp\/v2\/users\/3"}],"replies":[{"embeddable":true,"href":"https:\/\/www.diarioimagen.net\/index.php?rest_route=%2Fwp%2Fv2%2Fcomments&post=611929"}],"version-history":[{"count":0,"href":"https:\/\/www.diarioimagen.net\/index.php?rest_route=\/wp\/v2\/posts\/611929\/revisions"}],"wp:attachment":[{"href":"https:\/\/www.diarioimagen.net\/index.php?rest_route=%2Fwp%2Fv2%2Fmedia&parent=611929"}],"wp:term":[{"taxonomy":"category","embeddable":true,"href":"https:\/\/www.diarioimagen.net\/index.php?rest_route=%2Fwp%2Fv2%2Fcategories&post=611929"},{"taxonomy":"post_tag","embeddable":true,"href":"https:\/\/www.diarioimagen.net\/index.php?rest_route=%2Fwp%2Fv2%2Ftags&post=611929"}],"curies":[{"name":"wp","href":"https:\/\/api.w.org\/{rel}","templated":true}]}}