{"id":611997,"date":"2024-03-06T00:01:18","date_gmt":"2024-03-06T06:01:18","guid":{"rendered":"https:\/\/www.diarioimagen.net\/?p=611997"},"modified":"2024-03-06T23:11:27","modified_gmt":"2024-03-07T05:11:27","slug":"mas-de-316-mil-menores-en-mexico-sin-esquema-de-vacunacion-completo","status":"publish","type":"post","link":"https:\/\/www.diarioimagen.net\/?p=611997","title":{"rendered":"M\u00e1s de 316 mil menores en M\u00e9xico sin esquema de vacunaci\u00f3n completo"},"content":{"rendered":"<p><strong>\u00a0<\/strong><\/p>\n<ul>\n<li><em><strong>Alerta Unicef por escasa cobertura<\/strong><\/em><\/li>\n<\/ul>\n<p>&nbsp;<\/p>\n<div id=\"attachment_612089\" style=\"width: 470px\" class=\"wp-caption aligncenter\"><a href=\"https:\/\/www.diarioimagen.net\/?attachment_id=612089\" rel=\"attachment wp-att-612089\"><img loading=\"lazy\" decoding=\"async\" aria-describedby=\"caption-attachment-612089\" class=\"size-full wp-image-612089\" src=\"https:\/\/www.diarioimagen.net\/wp-content\/uploads\/2024\/03\/Vacuna-menores.jpg\" alt=\"\" width=\"460\" height=\"270\" \/><\/a><p id=\"caption-attachment-612089\" class=\"wp-caption-text\">En M\u00e9xico, el 74 por ciento de los ni\u00f1os de 2 a\u00f1os, y el 40 por ciento de un a\u00f1o, carecen de esquema completo de vacunaci\u00f3n, de acuerdo con la \u00faltima Encuesta Nacional de Salud.<\/p><\/div>\n<p>&nbsp;<\/p>\n<p>M\u00e9xico est\u00e1 entre las 20 naciones con m\u00e1s menores de edad sin la aplicaci\u00f3n de ning\u00fan biol\u00f3gico en el mundo, con 316 mil 830 ni\u00f1os con cero dosis de vacunas, advierte Unicef en el informe Estado Mundial de la Infancia 2023.<\/p>\n<p>Adem\u00e1s, entre los pa\u00edses de Am\u00e9rica Latina, M\u00e9xico se coloca en el segundo sitio, s\u00f3lo por debajo de Brasil, que tiene 709 mil 768. \u201cLos ni\u00f1os y las ni\u00f1as que no han recibido la primera dosis de la vacuna contra la difteria, el t\u00e9tanos y la tos ferina (DTP1) se describe como cero dosis\u201d, detalla Unicef.<\/p>\n<p>El organismo de la ONU indica que para calcular el n\u00famero de ni\u00f1os cero dosis se utiliza una medida aproximada.<\/p>\n<p>En M\u00e9xico no s\u00f3lo hay menores con cero dosis de vacunas, adem\u00e1s, el 74 por ciento de los ni\u00f1os de 2 a\u00f1os, y el 40 por ciento de un a\u00f1o, carecen de esquema completo de vacunaci\u00f3n, de acuerdo con la \u00faltima Encuesta Nacional de Salud.<\/p>\n<p>Alberto Sotomayor, coordinador de investigaci\u00f3n de Pacto por la Primera Infancia, explic\u00f3 que las bajas coberturas de vacunaci\u00f3n infantil en M\u00e9xico tienen que ver con debilidades en la planeaci\u00f3n, lo cual ha originado desabasto de biol\u00f3gicos y la falta de personal sanitario para la vacunaci\u00f3n.<\/p>\n<p>\u201cSi t\u00fa tienes coberturas por debajo del 95 por ciento, corres el riesgo de que aparezcan las enfermedades\u201d, alert\u00f3.<\/p>\n<p>En 2022 s\u00f3lo se gast\u00f3 uno de cada cuatro pesos del presupuesto en vacunaci\u00f3n; en 2023, se redujo a la mitad del presupuesto para la inmunizaci\u00f3n y, para 2024, se aprob\u00f3 el mismo presupuesto de 14 mil millones de pesos, advirti\u00f3 el especialista.<\/p>\n<p>Explic\u00f3 que, por ejemplo, hay un ejercicio deficiente de los recursos al tercer trimestre de 2023, pues s\u00f3lo gastaron el 10 por ciento.<\/p>\n<p>\u201cRequiere vacunas en el primer trimestre y s\u00f3lo ha gastado el 10 por ciento del presupuesto, eso implica que no ha comprado lo que tendr\u00edas que comprar\u201d, indic\u00f3 Sotomayor.<\/p>\n<p>Alert\u00f3 sobre los gastos catastr\u00f3ficos que tienen que solventar las familias para atender una enfermedad.<\/p>\n<p>\u201cA nivel m\u00e1s macro, tratar una enfermedad prevenible por vacunaci\u00f3n es mucho m\u00e1s oneroso que prevenirla; implica tambi\u00e9n una carga fiscal a los sistemas de salud\u201d, dijo.<\/p>\n","protected":false},"excerpt":{"rendered":"<p>M\u00e9xico est\u00e1 entre las 20 naciones con m\u00e1s menores de edad sin la aplicaci\u00f3n de ning\u00fan biol\u00f3gico en el mundo, con 316 mil 830 ni\u00f1os con cero dosis de vacunas, advierte Unicef en el informe Estado Mundial de la Infancia 2023.<\/p>\n","protected":false},"author":3,"featured_media":612089,"comment_status":"open","ping_status":"open","sticky":false,"template":"","format":"standard","meta":{"_monsterinsights_skip_tracking":false,"_monsterinsights_sitenote_active":false,"_monsterinsights_sitenote_note":"","_monsterinsights_sitenote_category":0,"footnotes":""},"categories":[17,877],"tags":[74463,43692,1421,428],"class_list":["post-611997","post","type-post","status-publish","format-standard","has-post-thumbnail","hentry","category-especiales","category-salud","tag-falta","tag-salud","tag-unicef","tag-vacunas"],"_links":{"self":[{"href":"https:\/\/www.diarioimagen.net\/index.php?rest_route=\/wp\/v2\/posts\/611997","targetHints":{"allow":["GET"]}}],"collection":[{"href":"https:\/\/www.diarioimagen.net\/index.php?rest_route=\/wp\/v2\/posts"}],"about":[{"href":"https:\/\/www.diarioimagen.net\/index.php?rest_route=\/wp\/v2\/types\/post"}],"author":[{"embeddable":true,"href":"https:\/\/www.diarioimagen.net\/index.php?rest_route=\/wp\/v2\/users\/3"}],"replies":[{"embeddable":true,"href":"https:\/\/www.diarioimagen.net\/index.php?rest_route=%2Fwp%2Fv2%2Fcomments&post=611997"}],"version-history":[{"count":0,"href":"https:\/\/www.diarioimagen.net\/index.php?rest_route=\/wp\/v2\/posts\/611997\/revisions"}],"wp:featuredmedia":[{"embeddable":true,"href":"https:\/\/www.diarioimagen.net\/index.php?rest_route=\/wp\/v2\/media\/612089"}],"wp:attachment":[{"href":"https:\/\/www.diarioimagen.net\/index.php?rest_route=%2Fwp%2Fv2%2Fmedia&parent=611997"}],"wp:term":[{"taxonomy":"category","embeddable":true,"href":"https:\/\/www.diarioimagen.net\/index.php?rest_route=%2Fwp%2Fv2%2Fcategories&post=611997"},{"taxonomy":"post_tag","embeddable":true,"href":"https:\/\/www.diarioimagen.net\/index.php?rest_route=%2Fwp%2Fv2%2Ftags&post=611997"}],"curies":[{"name":"wp","href":"https:\/\/api.w.org\/{rel}","templated":true}]}}