{"id":612004,"date":"2024-03-06T00:01:11","date_gmt":"2024-03-06T06:01:11","guid":{"rendered":"https:\/\/www.diarioimagen.net\/?p=612004"},"modified":"2024-03-06T02:53:06","modified_gmt":"2024-03-06T08:53:06","slug":"nunca-mas-se-deben-utilizar-electoralmente-programas-sociales-enrique-vargas-del-villar","status":"publish","type":"post","link":"https:\/\/www.diarioimagen.net\/?p=612004","title":{"rendered":"Nunca m\u00e1s se deben utilizar electoralmente programas sociales: Enrique Vargas del Villar"},"content":{"rendered":"<p>&nbsp;<\/p>\n<ul>\n<li><em><strong>Contin\u00faa su recorrido por el Estado de M\u00e9xico<br \/>\n<\/strong><\/em><\/li>\n<\/ul>\n<p><strong>\u00a0<\/strong><\/p>\n<h6>Arturo Baena<\/h6>\n<p>&nbsp;<\/p>\n<div id=\"attachment_612110\" style=\"width: 470px\" class=\"wp-caption aligncenter\"><a href=\"https:\/\/www.diarioimagen.net\/?attachment_id=612110\" rel=\"attachment wp-att-612110\"><img loading=\"lazy\" decoding=\"async\" aria-describedby=\"caption-attachment-612110\" class=\"size-full wp-image-612110\" src=\"https:\/\/www.diarioimagen.net\/wp-content\/uploads\/2024\/03\/enrique-vargas.jpg\" alt=\"\" width=\"460\" height=\"270\" \/><\/a><p id=\"caption-attachment-612110\" class=\"wp-caption-text\">Al reunirse con l\u00edderes sociales y pol\u00edticos en Acolman, Enrique Vargas del Villar\u00a0 destac\u00f3 que desde el Senado trabajar\u00e1 para rescatar los programas de apoyo al campo.<\/p><\/div>\n<p>&nbsp;<\/p>\n<p><strong>Valle de M\u00e9xico.\u2014<\/strong> Al continuar su recorrido por diversos municipios mexiquenses en busca de una curul en el Senado de la Rep\u00fablica, Enrique Vargas del Villar se comprometi\u00f3 atender demandas de salud, seguridad y el campo.<\/p>\n<p>Al reunirse con l\u00edderes sociales y pol\u00edticos en el municipio de Acolman, el candidato por la alianza Fuerza y Coraz\u00f3n por M\u00e9xico, destac\u00f3 que desde el Senado de la Rep\u00fablica trabajar\u00e1 para rescatar los programas de apoyo al campo, que en este gobierno federal desaparecieron.<\/p>\n<p>Vargas del Villar record\u00f3 que como antes los campesinos recib\u00edan los diferentes programas para sembrar y ahora ese apoyo lo quitaron para usarlo electoralmente.<\/p>\n<p>\u201cEso no puede continuar, tiene que regresar el apoyo al campo para que las familias salgan adelante\u201d, dijo.<\/p>\n<p>Ante habitantes de municipios de la zona de Nopaltepec, Tepetlaoxtoc, San Mart\u00edn de las Pir\u00e1mides y Otumba, Vargas del Villar, dijo que desde el Senado de la Rep\u00fablica se va a cerciorar que lleguen todos los apoyos y que \u00e9stos no vuelvan a ser utilizados electoralmente.<\/p>\n<p>Con el respaldo de las tres fuerzas pol\u00edticas que conforman la alianza \u201cFuerza y Coraz\u00f3n por M\u00e9xico\u201d (PAN, PRI y PRD), el candidato insisti\u00f3 en que \u201cM\u00e9xico debe verse ante el mundo por las inversiones que llegan y no por la delincuencia que hay en el pa\u00eds. Se necesita abund\u00f3, inversi\u00f3n nacional y extranjera que ofrezcan empleos bien remunerados.<\/p>\n<p>Vargas del Villar puntualiz\u00f3 que estas elecciones son muy importantes para evitar que contin\u00fae la destrucci\u00f3n a donde lo est\u00e1 llevando Morena, es por ello que ciudadan\u00eda y partidos tienen que trabajar juntos para evitarlo.<\/p>\n","protected":false},"excerpt":{"rendered":"<p>Al continuar su recorrido por diversos municipios mexiquenses en busca de una curul en el Senado de la Rep\u00fablica, Enrique Vargas del Villar se comprometi\u00f3 atender demandas de salud, seguridad y el campo.<\/p>\n","protected":false},"author":3,"featured_media":612110,"comment_status":"open","ping_status":"open","sticky":false,"template":"","format":"standard","meta":{"_monsterinsights_skip_tracking":false,"_monsterinsights_sitenote_active":false,"_monsterinsights_sitenote_note":"","_monsterinsights_sitenote_category":0,"footnotes":""},"categories":[5],"tags":[99538,47218,34],"class_list":["post-612004","post","type-post","status-publish","format-standard","has-post-thumbnail","hentry","category-estado-de-mexico","tag-electoralmente","tag-enrique-vargas-del-villar","tag-valle-de-mexico"],"_links":{"self":[{"href":"https:\/\/www.diarioimagen.net\/index.php?rest_route=\/wp\/v2\/posts\/612004","targetHints":{"allow":["GET"]}}],"collection":[{"href":"https:\/\/www.diarioimagen.net\/index.php?rest_route=\/wp\/v2\/posts"}],"about":[{"href":"https:\/\/www.diarioimagen.net\/index.php?rest_route=\/wp\/v2\/types\/post"}],"author":[{"embeddable":true,"href":"https:\/\/www.diarioimagen.net\/index.php?rest_route=\/wp\/v2\/users\/3"}],"replies":[{"embeddable":true,"href":"https:\/\/www.diarioimagen.net\/index.php?rest_route=%2Fwp%2Fv2%2Fcomments&post=612004"}],"version-history":[{"count":0,"href":"https:\/\/www.diarioimagen.net\/index.php?rest_route=\/wp\/v2\/posts\/612004\/revisions"}],"wp:featuredmedia":[{"embeddable":true,"href":"https:\/\/www.diarioimagen.net\/index.php?rest_route=\/wp\/v2\/media\/612110"}],"wp:attachment":[{"href":"https:\/\/www.diarioimagen.net\/index.php?rest_route=%2Fwp%2Fv2%2Fmedia&parent=612004"}],"wp:term":[{"taxonomy":"category","embeddable":true,"href":"https:\/\/www.diarioimagen.net\/index.php?rest_route=%2Fwp%2Fv2%2Fcategories&post=612004"},{"taxonomy":"post_tag","embeddable":true,"href":"https:\/\/www.diarioimagen.net\/index.php?rest_route=%2Fwp%2Fv2%2Ftags&post=612004"}],"curies":[{"name":"wp","href":"https:\/\/api.w.org\/{rel}","templated":true}]}}