{"id":612005,"date":"2024-03-06T00:02:40","date_gmt":"2024-03-06T06:02:40","guid":{"rendered":"https:\/\/www.diarioimagen.net\/?p=612005"},"modified":"2024-03-06T02:53:38","modified_gmt":"2024-03-06T08:53:38","slug":"va-morena-por-carro-completo-en-edomex-asegura-higinio-martinez","status":"publish","type":"post","link":"https:\/\/www.diarioimagen.net\/?p=612005","title":{"rendered":"Va Morena por \u201ccarro completo\u201d en Edomex, asegura Higinio Mart\u00ednez"},"content":{"rendered":"<p>&nbsp;<\/p>\n<ul>\n<li><em><strong>Llama a remar junto con Sheinbaum<\/strong><\/em><\/li>\n<\/ul>\n<p>&nbsp;<\/p>\n<div id=\"attachment_612112\" style=\"width: 470px\" class=\"wp-caption aligncenter\"><a href=\"https:\/\/www.diarioimagen.net\/?attachment_id=612112\" rel=\"attachment wp-att-612112\"><img loading=\"lazy\" decoding=\"async\" aria-describedby=\"caption-attachment-612112\" class=\"size-full wp-image-612112\" src=\"https:\/\/www.diarioimagen.net\/wp-content\/uploads\/2024\/03\/va-morena.jpg\" alt=\"\" width=\"460\" height=\"270\" \/><\/a><p id=\"caption-attachment-612112\" class=\"wp-caption-text\">Higinio Mart\u00ednez afirm\u00f3 que Morena ganar\u00e1 carro completo en estas elecciones del Estado de M\u00e9xico porque hay unidad.<\/p><\/div>\n<p>&nbsp;<\/p>\n<p><strong>Valle de M\u00e9xico.\u2014<\/strong> La dirigencia y candidatos de Morena a cargos federales, encabezados por los senadores Higinio Mart\u00ednez y Martha Guerrero, afirmaron que el partido ganar\u00e1 carro completo en estas elecciones del Estado de M\u00e9xico, porque llega en unidad y con un proyecto de transformaci\u00f3n que tiene un capit\u00e1n como es Claudia Sheinbaum y con quien \u201ctodos vamos a remar juntos\u201d.<\/p>\n<p>En conferencia de prensa, a la que acudieron los candidatos al Senado, Higinio Mart\u00ednez y Mariela Guti\u00e9rrez; los candidatos a diputados federales M\u00f3nica \u00c1lvarez y Luis Miranda, as\u00ed como la dirigente estatal de Morena, Martha Guerrero, coincidieron en que la Cuarta Transformaci\u00f3n es un movimiento tan grande y las diferencias son naturales, pero iniciada la elecci\u00f3n es momento ya de la \u201coperaci\u00f3n cicatriz\u201d y ganar la Presidencia de la Rep\u00fablica y los diferentes cargos en todo el pa\u00eds.<\/p>\n<p>El senador Mart\u00ednez dijo que en el Estado de M\u00e9xico, hasta ahora, se tienen ya las dos candidaturas al Senado, los 40 distritos federales con sus respectivas candidaturas y tanto la dirigencia nacional como la estatal siguen trabajando, para anunciar en los pr\u00f3ximos d\u00edas las postulaciones a Presidencias Municipales y diputaciones locales.<\/p>\n<p>\u201cYa tenemos capit\u00e1n y es Claudia Sheinbaum, nos toca a todos remar con ella y le toca a los dirigentes saber en qu\u00e9 momento dan a conocer las encuestas de las dem\u00e1s candidaturas. Pero ya est\u00e1 la principal, que es la Presidencia de la Rep\u00fablica y digo que es la principal porque es ah\u00ed donde est\u00e1 la esperanza para seguir construyendo un M\u00e9xico distinto\u201d, enfatiz\u00f3 el legislador.<\/p>\n<p>\u201cSi voy o vamos a pedir el voto de priistas, de panistas y otros militantes inconformes \u00bfc\u00f3mo es que voy a pedirles su voto y no puedo integrar a esa gente a una gran coalici\u00f3n que quiere la transformaci\u00f3n del pa\u00eds y la participaci\u00f3n de muchos mexicanos? Son bienvenidos\u201d, argument\u00f3.<\/p>\n","protected":false},"excerpt":{"rendered":"<p>La dirigencia y candidatos de Morena a cargos federales, encabezados por los senadores Higinio Mart\u00ednez y Martha Guerrero, afirmaron que el partido ganar\u00e1 carro completo en estas elecciones del Estado de M\u00e9xico, porque llega en unidad y con un proyecto de transformaci\u00f3n que tiene un capit\u00e1n como es Claudia Sheinbaum y con quien \u201ctodos vamos a remar juntos\u201d.<\/p>\n","protected":false},"author":3,"featured_media":612112,"comment_status":"open","ping_status":"open","sticky":false,"template":"","format":"standard","meta":{"_monsterinsights_skip_tracking":false,"_monsterinsights_sitenote_active":false,"_monsterinsights_sitenote_note":"","_monsterinsights_sitenote_category":0,"footnotes":""},"categories":[5],"tags":[73113,34],"class_list":["post-612005","post","type-post","status-publish","format-standard","has-post-thumbnail","hentry","category-estado-de-mexico","tag-carro-completo","tag-valle-de-mexico"],"_links":{"self":[{"href":"https:\/\/www.diarioimagen.net\/index.php?rest_route=\/wp\/v2\/posts\/612005","targetHints":{"allow":["GET"]}}],"collection":[{"href":"https:\/\/www.diarioimagen.net\/index.php?rest_route=\/wp\/v2\/posts"}],"about":[{"href":"https:\/\/www.diarioimagen.net\/index.php?rest_route=\/wp\/v2\/types\/post"}],"author":[{"embeddable":true,"href":"https:\/\/www.diarioimagen.net\/index.php?rest_route=\/wp\/v2\/users\/3"}],"replies":[{"embeddable":true,"href":"https:\/\/www.diarioimagen.net\/index.php?rest_route=%2Fwp%2Fv2%2Fcomments&post=612005"}],"version-history":[{"count":0,"href":"https:\/\/www.diarioimagen.net\/index.php?rest_route=\/wp\/v2\/posts\/612005\/revisions"}],"wp:featuredmedia":[{"embeddable":true,"href":"https:\/\/www.diarioimagen.net\/index.php?rest_route=\/wp\/v2\/media\/612112"}],"wp:attachment":[{"href":"https:\/\/www.diarioimagen.net\/index.php?rest_route=%2Fwp%2Fv2%2Fmedia&parent=612005"}],"wp:term":[{"taxonomy":"category","embeddable":true,"href":"https:\/\/www.diarioimagen.net\/index.php?rest_route=%2Fwp%2Fv2%2Fcategories&post=612005"},{"taxonomy":"post_tag","embeddable":true,"href":"https:\/\/www.diarioimagen.net\/index.php?rest_route=%2Fwp%2Fv2%2Ftags&post=612005"}],"curies":[{"name":"wp","href":"https:\/\/api.w.org\/{rel}","templated":true}]}}