{"id":612012,"date":"2024-03-06T00:05:01","date_gmt":"2024-03-06T06:05:01","guid":{"rendered":"https:\/\/www.diarioimagen.net\/?p=612012"},"modified":"2024-03-06T02:59:53","modified_gmt":"2024-03-06T08:59:53","slug":"rene-franco-trae-de-regreso-la-taquilla","status":"publish","type":"post","link":"https:\/\/www.diarioimagen.net\/?p=612012","title":{"rendered":"Ren\u00e9 Franco trae de regreso \u201cLa Taquilla\u201d"},"content":{"rendered":"<p><strong>\u00a0<\/strong><\/p>\n<h2 style=\"text-align: center;\">Con un set doble rinde homenaje a la radio y la televisi\u00f3n<\/h2>\n<p>&nbsp;<\/p>\n<ul>\n<li><strong><em>El programa se transmitir\u00e1 renovado a partir del 11 de marzo<\/em><\/strong><\/li>\n<\/ul>\n<p><strong>\u00a0<\/strong><\/p>\n<h6>Mitzi Fern\u00e1ndez<\/h6>\n<p>&nbsp;<\/p>\n<div id=\"attachment_612128\" style=\"width: 470px\" class=\"wp-caption aligncenter\"><a href=\"https:\/\/www.diarioimagen.net\/?attachment_id=612128\" rel=\"attachment wp-att-612128\"><img loading=\"lazy\" decoding=\"async\" aria-describedby=\"caption-attachment-612128\" class=\"size-full wp-image-612128\" src=\"https:\/\/www.diarioimagen.net\/wp-content\/uploads\/2024\/03\/TAQUILLA01.jpg\" alt=\"\" width=\"460\" height=\"270\" \/><\/a><p id=\"caption-attachment-612128\" class=\"wp-caption-text\">El programa de radio de Ren\u00e9 Franco \u00abLa Taquilla\u00bb regresar\u00e1 renovado, a partir del 11 de marzo por las plataformas digitales y en redes sociales. (<em>Foto: Mitzi Fern\u00e1ndez<\/em>).<\/p><\/div>\n<p>&nbsp;<\/p>\n<p>El programa de radio de Ren\u00e9 Franco \u201cLa Taquilla\u201d regresar\u00e1 renovado, ahora como un homenaje a la radio, a partir del 11 de marzo por las plataformas digitales y en redes sociales.<\/p>\n<p>Durante la grabaci\u00f3n del primer programa el locutor con su carisma y sencillez nos cont\u00f3 en entrevista para <strong>DIARIOIMAGEN<\/strong> algunos detalles \u201cme siento emocionad\u00edsimo esto es incre\u00edble. Nos est\u00e1 quedando muy bien, tal vez en la tele o antes no entend\u00eda que quer\u00eda, pero este set de ahorita es maravilloso. Nadie me construy\u00f3 este set lo arme yo con grandes amigos para que quedar\u00e1 como lo estaba buscando\u201d.<\/p>\n<p>Entre las renovaciones Ren\u00e9 est\u00e1 estrenando un set doble con el que est\u00e1 homenajeando a la radio y por otro lado que homenajea a la televisi\u00f3n, con unos murales hechos por Ramiro Ramos.<\/p>\n<p>En cuanto a los invitados y como los escoge mencion\u00f3 \u201cmis invitados son amigos de toda la vida y sobre todo personas que tengan mucho que decir. Adem\u00e1s, van cambiando y hablando con lo del d\u00eda\u201d, de modo que la primera semana estar\u00e1 de invitada Susana Alexander, adem\u00e1s de otros colaboradores.<\/p>\n<p>Al preguntarle sobre su recuerdo m\u00e1s bonito en los a\u00f1os de \u00e9xito del programa confes\u00f3 \u201cen tantos a\u00f1os creo que este es el momento m\u00e1s completo de mi carrera dedicada a los medios y mi mejor recuerdo. Despu\u00e9s de enfrentar el miedo m\u00e1s grande que es el superar el miedo de no tener un salario y no depender de una estructura m\u00e1s grande, ser tu propio jefe, que si se puede, ahora puedo decirme muy satisfecho\u201d.<\/p>\n<p>Como consejo a las nuevas generaciones que quieren dedicarse a algo as\u00ed dijo \u201cEl consejo, es comenzar y buscar las formas de hacerlo de la mejor manera, profesional y honesta. A m\u00ed me ha llevado d\u00e9cadas y mucha preparaci\u00f3n\u201d. En esta grabaci\u00f3n cont\u00f3 con Jorge Salinas como invitado quien entusiasta se dijo \u201cemocionado y feliz de que Ren\u00e9 se decidiera a aventurarse, por que enfrentarte a tus propios miedos te da madurez y \u00e9l es un ser muy capaz, lo lograr\u00e1 y seguir\u00e1 con mucho \u00e9xito, se necesita m\u00e1s periodismo como real, repito estoy contento con la invitaci\u00f3n, me hizo sentir especial y se lo agradezco mucho\u201d.<\/p>\n<p>Ren\u00e9 Franco termin\u00f3 invit\u00e1ndonos a escuchar el programa y dijo \u201cQuiero que les guste mucho el programa y ojal\u00e1 lo disfruten tanto como yo\u201d.<\/p>\n<p>La Taquilla estar\u00e1 disponible en todas las redes sociales y plataformas, de manera nocturna de lunes a viernes.<\/p>\n","protected":false},"excerpt":{"rendered":"<p>El programa de radio de Ren\u00e9 Franco \u201cLa Taquilla\u201d regresar\u00e1 renovado, ahora como un homenaje a la radio, a partir del 11 de marzo por las plataformas digitales y en redes sociales.<\/p>\n","protected":false},"author":3,"featured_media":612128,"comment_status":"open","ping_status":"open","sticky":false,"template":"","format":"standard","meta":{"_monsterinsights_skip_tracking":false,"_monsterinsights_sitenote_active":false,"_monsterinsights_sitenote_note":"","_monsterinsights_sitenote_category":0,"footnotes":""},"categories":[12],"tags":[43682,69260,99540],"class_list":["post-612012","post","type-post","status-publish","format-standard","has-post-thumbnail","hentry","category-espectaculos","tag-espectaculos","tag-rene-franco","tag-la-taquilla"],"_links":{"self":[{"href":"https:\/\/www.diarioimagen.net\/index.php?rest_route=\/wp\/v2\/posts\/612012","targetHints":{"allow":["GET"]}}],"collection":[{"href":"https:\/\/www.diarioimagen.net\/index.php?rest_route=\/wp\/v2\/posts"}],"about":[{"href":"https:\/\/www.diarioimagen.net\/index.php?rest_route=\/wp\/v2\/types\/post"}],"author":[{"embeddable":true,"href":"https:\/\/www.diarioimagen.net\/index.php?rest_route=\/wp\/v2\/users\/3"}],"replies":[{"embeddable":true,"href":"https:\/\/www.diarioimagen.net\/index.php?rest_route=%2Fwp%2Fv2%2Fcomments&post=612012"}],"version-history":[{"count":0,"href":"https:\/\/www.diarioimagen.net\/index.php?rest_route=\/wp\/v2\/posts\/612012\/revisions"}],"wp:featuredmedia":[{"embeddable":true,"href":"https:\/\/www.diarioimagen.net\/index.php?rest_route=\/wp\/v2\/media\/612128"}],"wp:attachment":[{"href":"https:\/\/www.diarioimagen.net\/index.php?rest_route=%2Fwp%2Fv2%2Fmedia&parent=612012"}],"wp:term":[{"taxonomy":"category","embeddable":true,"href":"https:\/\/www.diarioimagen.net\/index.php?rest_route=%2Fwp%2Fv2%2Fcategories&post=612012"},{"taxonomy":"post_tag","embeddable":true,"href":"https:\/\/www.diarioimagen.net\/index.php?rest_route=%2Fwp%2Fv2%2Ftags&post=612012"}],"curies":[{"name":"wp","href":"https:\/\/api.w.org\/{rel}","templated":true}]}}