{"id":612160,"date":"2024-03-07T00:04:11","date_gmt":"2024-03-07T06:04:11","guid":{"rendered":"https:\/\/www.diarioimagen.net\/?p=612160"},"modified":"2024-03-07T01:17:03","modified_gmt":"2024-03-07T07:17:03","slug":"el-31-de-marzo-fecha-limite-para-pagar-refrendo-vehicular-en-edomex","status":"publish","type":"post","link":"https:\/\/www.diarioimagen.net\/?p=612160","title":{"rendered":"El 31 de marzo, fecha l\u00edmite para pagar refrendo vehicular en Edomex"},"content":{"rendered":"<p>&nbsp;<\/p>\n<p><a href=\"https:\/\/www.diarioimagen.net\/?attachment_id=612257\" rel=\"attachment wp-att-612257\"><img loading=\"lazy\" decoding=\"async\" class=\"aligncenter size-full wp-image-612257\" src=\"https:\/\/www.diarioimagen.net\/wp-content\/uploads\/2024\/03\/31-de-marzo.jpg\" alt=\"\" width=\"460\" height=\"270\" \/><\/a><\/p>\n<p>&nbsp;<\/p>\n<p><strong>Valle de M\u00e9xico.\u2014 <\/strong>La Secretar\u00eda de Finanzas del Gobierno del Estado de M\u00e9xico recuerda a los propietarios de veh\u00edculos y motocicletas matriculadas en la entidad que el pr\u00f3ximo 31 de marzo vence el plazo para pagar el refrendo, posterior a esta fecha deber\u00e1n pagar el monto completo de los derechos por Tenencia Vehicular.<\/p>\n<p>La dependencia indica que los propietarios de veh\u00edculos automotores inscritos en el Registro Estatal de Veh\u00edculos, cuyo valor factura sea hasta 400 mil pesos, y en el caso de motocicletas sea de hasta 115 mil pesos, sin incluir el IVA, pagar\u00e1n solo el refrendo. Para ello, los contribuyentes deben estar o ponerse al corriente en el pago de Tenencia.<\/p>\n<p>La Secretar\u00eda de Finanzas detalla que el monto para pago de refrendo para veh\u00edculos particulares es de 865 pesos; para veh\u00edculos de carga es de 2 mil 173 pesos; mientras que para las motocicletas es de 639 pesos.<\/p>\n<p>Al 28 de febrero se han recibido 1.6 millones de pagos, por lo que se invita a realizar esta contribuci\u00f3n a trav\u00e9s del portal tenencia.edomex.gob.mx para generar su formato de pago. El cual se puede realizar en l\u00ednea o en los m\u00e1s de 3 mil lugares autorizados, as\u00ed como en los M\u00f3dulos Integrales de Recaudaci\u00f3n instalados en centros comerciales.<\/p>\n","protected":false},"excerpt":{"rendered":"<p>La Secretar\u00eda de Finanzas del Gobierno del Estado de M\u00e9xico recuerda a los propietarios de veh\u00edculos y motocicletas matriculadas en la entidad que el pr\u00f3ximo 31 de marzo vence el plazo para pagar el refrendo, posterior a esta fecha deber\u00e1n pagar el monto completo de los derechos por Tenencia Vehicular.<\/p>\n","protected":false},"author":3,"featured_media":612257,"comment_status":"open","ping_status":"open","sticky":false,"template":"","format":"standard","meta":{"_monsterinsights_skip_tracking":false,"_monsterinsights_sitenote_active":false,"_monsterinsights_sitenote_note":"","_monsterinsights_sitenote_category":0,"footnotes":""},"categories":[5],"tags":[43675,69],"class_list":["post-612160","post","type-post","status-publish","format-standard","has-post-thumbnail","hentry","category-estado-de-mexico","tag-estado-de-mexico","tag-tenencia"],"_links":{"self":[{"href":"https:\/\/www.diarioimagen.net\/index.php?rest_route=\/wp\/v2\/posts\/612160","targetHints":{"allow":["GET"]}}],"collection":[{"href":"https:\/\/www.diarioimagen.net\/index.php?rest_route=\/wp\/v2\/posts"}],"about":[{"href":"https:\/\/www.diarioimagen.net\/index.php?rest_route=\/wp\/v2\/types\/post"}],"author":[{"embeddable":true,"href":"https:\/\/www.diarioimagen.net\/index.php?rest_route=\/wp\/v2\/users\/3"}],"replies":[{"embeddable":true,"href":"https:\/\/www.diarioimagen.net\/index.php?rest_route=%2Fwp%2Fv2%2Fcomments&post=612160"}],"version-history":[{"count":0,"href":"https:\/\/www.diarioimagen.net\/index.php?rest_route=\/wp\/v2\/posts\/612160\/revisions"}],"wp:featuredmedia":[{"embeddable":true,"href":"https:\/\/www.diarioimagen.net\/index.php?rest_route=\/wp\/v2\/media\/612257"}],"wp:attachment":[{"href":"https:\/\/www.diarioimagen.net\/index.php?rest_route=%2Fwp%2Fv2%2Fmedia&parent=612160"}],"wp:term":[{"taxonomy":"category","embeddable":true,"href":"https:\/\/www.diarioimagen.net\/index.php?rest_route=%2Fwp%2Fv2%2Fcategories&post=612160"},{"taxonomy":"post_tag","embeddable":true,"href":"https:\/\/www.diarioimagen.net\/index.php?rest_route=%2Fwp%2Fv2%2Ftags&post=612160"}],"curies":[{"name":"wp","href":"https:\/\/api.w.org\/{rel}","templated":true}]}}